{"id":1621,"date":"2024-10-01T00:00:00","date_gmt":"2024-09-30T22:00:00","guid":{"rendered":"https:\/\/zamojskahistoria.pl\/?p=1621"},"modified":"2024-10-01T00:00:00","modified_gmt":"2024-09-30T22:00:00","slug":"wizyta-pawla-dabka-przewodniczacego-pwrn-w-zamosciu-przed-ratuszem-czerwiec-1968-autor-nn-od-lewej-edward-suchora-sekretarz-pmrn-eugeniusz-zgnilec-przewodniczacy-pmrn-pawel-dabek-przew","status":"publish","type":"post","link":"https:\/\/zamojskahistoria.pl\/?p=1621","title":{"rendered":"Wizyta Paw\u0142a D\u0105bka przewodnicz\u0105cego PWRN w Zamo\u015bciu \u2013 przed ratuszem, czerwiec 1968; autor NN, Od lewej: Edward Suchora sekretarz PMRN, Eugeniusz Zgnilec przewodnicz\u0105cy PMRN, Pawe\u0142 D\u0105bek przewodnicz\u0105cy PWRN i W\u0142adys\u0142aw Kowal przewodnicz\u0105cy PPRN; odb. 180&#215;133 \u2013 sygn. 88.1178.03120.1 brak"},"content":{"rendered":"<p>Wizyta Paw\u0142a D\u0105bka przewodnicz\u0105cego PWRN w Zamo\u015bciu \u2013 przed ratuszem, czerwiec 1968; autor NN, Od lewej: Edward Suchora sekretarz PMRN, Eugeniusz Zgnilec przewodnicz\u0105cy PMRN, Pawe\u0142 D\u0105bek przewodnicz\u0105cy PWRN i W\u0142adys\u0142aw Kowal przewodnicz\u0105cy PPRN; odb. 180&#215;133 \u2013 sygn. 88.1178.03120.1 brak<\/p>\n","protected":false},"excerpt":{"rendered":"<p>Wizyta Paw\u0142a D\u0105bka przewodnicz\u0105cego PWRN w Zamo\u015bciu \u2013 przed ratuszem, czerwiec 1968; autor NN, Od lewej: Edward Suchora sekretarz PMRN, Eugeniusz Zgnilec przewodnicz\u0105cy PMRN, Pawe\u0142 D\u0105bek przewodnicz\u0105cy PWRN i W\u0142adys\u0142aw Kowal przewodnicz\u0105cy PPRN; odb. 180&#215;133 \u2013 sygn. 88.1178.03120.1 brak<\/p>\n","protected":false},"author":1,"featured_media":112,"comment_status":"open","ping_status":"open","sticky":false,"template":"","format":"standard","meta":{"footnotes":""},"categories":[22,23],"tags":[],"class_list":["post-1621","post","type-post","status-publish","format-standard","has-post-thumbnail","hentry","category-fotografie","category-urzedy"],"_links":{"self":[{"href":"https:\/\/zamojskahistoria.pl\/index.php?rest_route=\/wp\/v2\/posts\/1621","targetHints":{"allow":["GET"]}}],"collection":[{"href":"https:\/\/zamojskahistoria.pl\/index.php?rest_route=\/wp\/v2\/posts"}],"about":[{"href":"https:\/\/zamojskahistoria.pl\/index.php?rest_route=\/wp\/v2\/types\/post"}],"author":[{"embeddable":true,"href":"https:\/\/zamojskahistoria.pl\/index.php?rest_route=\/wp\/v2\/users\/1"}],"replies":[{"embeddable":true,"href":"https:\/\/zamojskahistoria.pl\/index.php?rest_route=%2Fwp%2Fv2%2Fcomments&post=1621"}],"version-history":[{"count":0,"href":"https:\/\/zamojskahistoria.pl\/index.php?rest_route=\/wp\/v2\/posts\/1621\/revisions"}],"wp:featuredmedia":[{"embeddable":true,"href":"https:\/\/zamojskahistoria.pl\/index.php?rest_route=\/wp\/v2\/media\/112"}],"wp:attachment":[{"href":"https:\/\/zamojskahistoria.pl\/index.php?rest_route=%2Fwp%2Fv2%2Fmedia&parent=1621"}],"wp:term":[{"taxonomy":"category","embeddable":true,"href":"https:\/\/zamojskahistoria.pl\/index.php?rest_route=%2Fwp%2Fv2%2Fcategories&post=1621"},{"taxonomy":"post_tag","embeddable":true,"href":"https:\/\/zamojskahistoria.pl\/index.php?rest_route=%2Fwp%2Fv2%2Ftags&post=1621"}],"curies":[{"name":"wp","href":"https:\/\/api.w.org\/{rel}","templated":true}]}}