{"id":1620,"date":"2024-10-01T00:00:00","date_gmt":"2024-09-30T22:00:00","guid":{"rendered":"https:\/\/zamojskahistoria.pl\/?p=1620"},"modified":"2024-10-01T00:00:00","modified_gmt":"2024-09-30T22:00:00","slug":"sejmik-powiatowy-i-starostwo-w-zamosciu-pracownicy-starostwa-w-srodku-starosta-por-z-03110-1-wg-piecz-zaklad-fotograficzny-j-strzyzowski-zamosc-odb-225x160-sygn-88-1178-031","status":"publish","type":"post","link":"https:\/\/zamojskahistoria.pl\/?p=1620","title":{"rendered":"Sejmik Powiatowy i Starostwo w Zamo\u015bciu Pracownicy Starostwa, w \u015brodku starosta (por. z 03110.1), wg piecz. \u201eZak\u0142ad Fotograficzny J. Strzy\u017cowski Zamo\u015b\u0107\u201d, odb. 225&#215;160 sygn. 88.1178.03110.6 dig.BF"},"content":{"rendered":"<p>Sejmik Powiatowy i Starostwo w Zamo\u015bciu Pracownicy Starostwa, w \u015brodku starosta (por. z 03110.1), wg piecz. \u201eZak\u0142ad Fotograficzny J. Strzy\u017cowski Zamo\u015b\u0107\u201d, odb. 225&#215;160 sygn. 88.1178.03110.6 dig.BF<\/p>\n","protected":false},"excerpt":{"rendered":"<p>Sejmik Powiatowy i Starostwo w Zamo\u015bciu Pracownicy Starostwa, w \u015brodku starosta (por. z 03110.1), wg piecz. \u201eZak\u0142ad Fotograficzny J. Strzy\u017cowski Zamo\u015b\u0107\u201d, odb. 225&#215;160 sygn. 88.1178.03110.6 dig.BF<\/p>\n","protected":false},"author":1,"featured_media":112,"comment_status":"open","ping_status":"open","sticky":false,"template":"","format":"standard","meta":{"footnotes":""},"categories":[22,23],"tags":[],"class_list":["post-1620","post","type-post","status-publish","format-standard","has-post-thumbnail","hentry","category-fotografie","category-urzedy"],"_links":{"self":[{"href":"https:\/\/zamojskahistoria.pl\/index.php?rest_route=\/wp\/v2\/posts\/1620","targetHints":{"allow":["GET"]}}],"collection":[{"href":"https:\/\/zamojskahistoria.pl\/index.php?rest_route=\/wp\/v2\/posts"}],"about":[{"href":"https:\/\/zamojskahistoria.pl\/index.php?rest_route=\/wp\/v2\/types\/post"}],"author":[{"embeddable":true,"href":"https:\/\/zamojskahistoria.pl\/index.php?rest_route=\/wp\/v2\/users\/1"}],"replies":[{"embeddable":true,"href":"https:\/\/zamojskahistoria.pl\/index.php?rest_route=%2Fwp%2Fv2%2Fcomments&post=1620"}],"version-history":[{"count":0,"href":"https:\/\/zamojskahistoria.pl\/index.php?rest_route=\/wp\/v2\/posts\/1620\/revisions"}],"wp:featuredmedia":[{"embeddable":true,"href":"https:\/\/zamojskahistoria.pl\/index.php?rest_route=\/wp\/v2\/media\/112"}],"wp:attachment":[{"href":"https:\/\/zamojskahistoria.pl\/index.php?rest_route=%2Fwp%2Fv2%2Fmedia&parent=1620"}],"wp:term":[{"taxonomy":"category","embeddable":true,"href":"https:\/\/zamojskahistoria.pl\/index.php?rest_route=%2Fwp%2Fv2%2Fcategories&post=1620"},{"taxonomy":"post_tag","embeddable":true,"href":"https:\/\/zamojskahistoria.pl\/index.php?rest_route=%2Fwp%2Fv2%2Ftags&post=1620"}],"curies":[{"name":"wp","href":"https:\/\/api.w.org\/{rel}","templated":true}]}}