{"id":1619,"date":"2024-10-01T00:00:00","date_gmt":"2024-09-30T22:00:00","guid":{"rendered":"https:\/\/zamojskahistoria.pl\/?p=1619"},"modified":"2024-10-01T00:00:00","modified_gmt":"2024-09-30T22:00:00","slug":"sejmik-powiatowy-i-starostwo-w-zamosciu-sejmik-powiatowy-21-osob-na-odwrocie-19-nazwisk-r-wajler-a-wdowiak-b-lopuszynski-k-pawlasiuk-j-dragan-p-binduga-f-musielak-cz-soroka","status":"publish","type":"post","link":"https:\/\/zamojskahistoria.pl\/?p=1619","title":{"rendered":"Sejmik Powiatowy i Starostwo w Zamo\u015bciu Sejmik powiatowy? \u2013 21 os\u00f3b, na odwrocie 19 nazwisk: R. Wajler, A. Wdowiak, B. \u0141opuszy\u0144ski, K. Pawlasiuk, J. Dragan, P. Binduga, F. Musielak, Cz. Soroka, J. Siek, F. Walas, W. Hajduk, J. Bencal, W. Bury\u015b, J. B\u0142aszczuk, P. Mazurek, P. Nizio\u0142, T. Czernicki, J. Nowak, P. Bakuniak wg piecz. \u201eFotograf Fr. Obst. w Zamo\u015bciu\u201d, odb. 140&#215;88 sygn. 88.1178.03110.5 dig."},"content":{"rendered":"<p>Sejmik Powiatowy i Starostwo w Zamo\u015bciu Sejmik powiatowy? \u2013 21 os\u00f3b, na odwrocie 19 nazwisk: R. Wajler, A. Wdowiak, B. \u0141opuszy\u0144ski, K. Pawlasiuk, J. Dragan, P. Binduga, F. Musielak, Cz. Soroka, J. Siek, F. Walas, W. Hajduk, J. Bencal, W. Bury\u015b, J. B\u0142aszczuk, P. Mazurek, P. Nizio\u0142, T. Czernicki, J. Nowak, P. Bakuniak wg piecz. \u201eFotograf Fr. Obst. w Zamo\u015bciu\u201d, odb. 140&#215;88 sygn. 88.1178.03110.5 dig.<\/p>\n","protected":false},"excerpt":{"rendered":"<p>Sejmik Powiatowy i Starostwo w Zamo\u015bciu Sejmik powiatowy? \u2013 21 os\u00f3b, na odwrocie 19 nazwisk: R. Wajler, A. Wdowiak, B. \u0141opuszy\u0144ski, K. Pawlasiuk, J. Dragan, P. Binduga, F. Musielak, Cz. Soroka, J. Siek, F. Walas, W. Hajduk, J. Bencal, W. Bury\u015b, J. B\u0142aszczuk, P. Mazurek, P. Nizio\u0142, T. Czernicki, J. Nowak, P. Bakuniak wg piecz. [&hellip;]<\/p>\n","protected":false},"author":1,"featured_media":112,"comment_status":"open","ping_status":"open","sticky":false,"template":"","format":"standard","meta":{"footnotes":""},"categories":[22,23],"tags":[],"class_list":["post-1619","post","type-post","status-publish","format-standard","has-post-thumbnail","hentry","category-fotografie","category-urzedy"],"_links":{"self":[{"href":"https:\/\/zamojskahistoria.pl\/index.php?rest_route=\/wp\/v2\/posts\/1619","targetHints":{"allow":["GET"]}}],"collection":[{"href":"https:\/\/zamojskahistoria.pl\/index.php?rest_route=\/wp\/v2\/posts"}],"about":[{"href":"https:\/\/zamojskahistoria.pl\/index.php?rest_route=\/wp\/v2\/types\/post"}],"author":[{"embeddable":true,"href":"https:\/\/zamojskahistoria.pl\/index.php?rest_route=\/wp\/v2\/users\/1"}],"replies":[{"embeddable":true,"href":"https:\/\/zamojskahistoria.pl\/index.php?rest_route=%2Fwp%2Fv2%2Fcomments&post=1619"}],"version-history":[{"count":0,"href":"https:\/\/zamojskahistoria.pl\/index.php?rest_route=\/wp\/v2\/posts\/1619\/revisions"}],"wp:featuredmedia":[{"embeddable":true,"href":"https:\/\/zamojskahistoria.pl\/index.php?rest_route=\/wp\/v2\/media\/112"}],"wp:attachment":[{"href":"https:\/\/zamojskahistoria.pl\/index.php?rest_route=%2Fwp%2Fv2%2Fmedia&parent=1619"}],"wp:term":[{"taxonomy":"category","embeddable":true,"href":"https:\/\/zamojskahistoria.pl\/index.php?rest_route=%2Fwp%2Fv2%2Fcategories&post=1619"},{"taxonomy":"post_tag","embeddable":true,"href":"https:\/\/zamojskahistoria.pl\/index.php?rest_route=%2Fwp%2Fv2%2Ftags&post=1619"}],"curies":[{"name":"wp","href":"https:\/\/api.w.org\/{rel}","templated":true}]}}