{"id":1617,"date":"2024-10-01T00:00:00","date_gmt":"2024-09-30T22:00:00","guid":{"rendered":"https:\/\/zamojskahistoria.pl\/?p=1617"},"modified":"2024-10-01T00:00:00","modified_gmt":"2024-09-30T22:00:00","slug":"sejmik-powiatowy-i-starostwo-w-zamosciu-czlonkowie-sejmiku-powiatowego-jan-strzyzowski-odb-223x170-sygn-88-1178-03110-3-dig","status":"publish","type":"post","link":"https:\/\/zamojskahistoria.pl\/?p=1617","title":{"rendered":"Sejmik Powiatowy i Starostwo w Zamo\u015bciu Cz\u0142onkowie Sejmiku Powiatowego, Jan Strzy\u017cowski, odb. 223&#215;170 sygn. 88.1178.03110.3 dig."},"content":{"rendered":"<p>Sejmik Powiatowy i Starostwo w Zamo\u015bciu Cz\u0142onkowie Sejmiku Powiatowego, Jan Strzy\u017cowski, odb. 223&#215;170 sygn. 88.1178.03110.3 dig.<\/p>\n","protected":false},"excerpt":{"rendered":"<p>Sejmik Powiatowy i Starostwo w Zamo\u015bciu Cz\u0142onkowie Sejmiku Powiatowego, Jan Strzy\u017cowski, odb. 223&#215;170 sygn. 88.1178.03110.3 dig.<\/p>\n","protected":false},"author":1,"featured_media":112,"comment_status":"open","ping_status":"open","sticky":false,"template":"","format":"standard","meta":{"footnotes":""},"categories":[22,23],"tags":[],"class_list":["post-1617","post","type-post","status-publish","format-standard","has-post-thumbnail","hentry","category-fotografie","category-urzedy"],"_links":{"self":[{"href":"https:\/\/zamojskahistoria.pl\/index.php?rest_route=\/wp\/v2\/posts\/1617","targetHints":{"allow":["GET"]}}],"collection":[{"href":"https:\/\/zamojskahistoria.pl\/index.php?rest_route=\/wp\/v2\/posts"}],"about":[{"href":"https:\/\/zamojskahistoria.pl\/index.php?rest_route=\/wp\/v2\/types\/post"}],"author":[{"embeddable":true,"href":"https:\/\/zamojskahistoria.pl\/index.php?rest_route=\/wp\/v2\/users\/1"}],"replies":[{"embeddable":true,"href":"https:\/\/zamojskahistoria.pl\/index.php?rest_route=%2Fwp%2Fv2%2Fcomments&post=1617"}],"version-history":[{"count":0,"href":"https:\/\/zamojskahistoria.pl\/index.php?rest_route=\/wp\/v2\/posts\/1617\/revisions"}],"wp:featuredmedia":[{"embeddable":true,"href":"https:\/\/zamojskahistoria.pl\/index.php?rest_route=\/wp\/v2\/media\/112"}],"wp:attachment":[{"href":"https:\/\/zamojskahistoria.pl\/index.php?rest_route=%2Fwp%2Fv2%2Fmedia&parent=1617"}],"wp:term":[{"taxonomy":"category","embeddable":true,"href":"https:\/\/zamojskahistoria.pl\/index.php?rest_route=%2Fwp%2Fv2%2Fcategories&post=1617"},{"taxonomy":"post_tag","embeddable":true,"href":"https:\/\/zamojskahistoria.pl\/index.php?rest_route=%2Fwp%2Fv2%2Ftags&post=1617"}],"curies":[{"name":"wp","href":"https:\/\/api.w.org\/{rel}","templated":true}]}}