{"id":1599,"date":"2024-12-02T00:00:00","date_gmt":"2024-12-01T23:00:00","guid":{"rendered":"https:\/\/zamojskahistoria.pl\/?p=1599"},"modified":"2024-12-02T00:00:00","modified_gmt":"2024-12-01T23:00:00","slug":"portrety-ryszkamila-przyjaciolka-cybulskiej-zamosc-10-iv-1945-r-odb-53x83-sygn-88-1178-02625-2-dig","status":"publish","type":"post","link":"https:\/\/zamojskahistoria.pl\/?p=1599","title":{"rendered":"Portrety Ryszkamila, przyjaci\u00f3\u0142ka Cybulskiej, Zamo\u015b\u0107, 10 IV 1945 r., odb. 53&#215;83 \u2013 sygn. 88.1178.02625.2 dig."},"content":{"rendered":"<p>Portrety Ryszkamila, przyjaci\u00f3\u0142ka Cybulskiej, Zamo\u015b\u0107, 10 IV 1945 r., odb. 53&#215;83 \u2013 sygn. 88.1178.02625.2 dig.; Daty skrajne: 1904-2001<\/p>\n","protected":false},"excerpt":{"rendered":"<p>Portrety Ryszkamila, przyjaci\u00f3\u0142ka Cybulskiej, Zamo\u015b\u0107, 10 IV 1945 r., odb. 53&#215;83 \u2013 sygn. 88.1178.02625.2 dig.; Daty skrajne: 1904-2001<\/p>\n","protected":false},"author":1,"featured_media":112,"comment_status":"open","ping_status":"open","sticky":false,"template":"","format":"standard","meta":{"footnotes":""},"categories":[20],"tags":[],"class_list":["post-1599","post","type-post","status-publish","format-standard","has-post-thumbnail","hentry","category-zycie-spoleczno-polityczne"],"_links":{"self":[{"href":"https:\/\/zamojskahistoria.pl\/index.php?rest_route=\/wp\/v2\/posts\/1599","targetHints":{"allow":["GET"]}}],"collection":[{"href":"https:\/\/zamojskahistoria.pl\/index.php?rest_route=\/wp\/v2\/posts"}],"about":[{"href":"https:\/\/zamojskahistoria.pl\/index.php?rest_route=\/wp\/v2\/types\/post"}],"author":[{"embeddable":true,"href":"https:\/\/zamojskahistoria.pl\/index.php?rest_route=\/wp\/v2\/users\/1"}],"replies":[{"embeddable":true,"href":"https:\/\/zamojskahistoria.pl\/index.php?rest_route=%2Fwp%2Fv2%2Fcomments&post=1599"}],"version-history":[{"count":0,"href":"https:\/\/zamojskahistoria.pl\/index.php?rest_route=\/wp\/v2\/posts\/1599\/revisions"}],"wp:featuredmedia":[{"embeddable":true,"href":"https:\/\/zamojskahistoria.pl\/index.php?rest_route=\/wp\/v2\/media\/112"}],"wp:attachment":[{"href":"https:\/\/zamojskahistoria.pl\/index.php?rest_route=%2Fwp%2Fv2%2Fmedia&parent=1599"}],"wp:term":[{"taxonomy":"category","embeddable":true,"href":"https:\/\/zamojskahistoria.pl\/index.php?rest_route=%2Fwp%2Fv2%2Fcategories&post=1599"},{"taxonomy":"post_tag","embeddable":true,"href":"https:\/\/zamojskahistoria.pl\/index.php?rest_route=%2Fwp%2Fv2%2Ftags&post=1599"}],"curies":[{"name":"wp","href":"https:\/\/api.w.org\/{rel}","templated":true}]}}