{"id":1589,"date":"2024-12-02T00:00:00","date_gmt":"2024-12-01T23:00:00","guid":{"rendered":"https:\/\/zamojskahistoria.pl\/?p=1589"},"modified":"2024-12-02T00:00:00","modified_gmt":"2024-12-01T23:00:00","slug":"wizyty-kapitana-kierszniewskiego-na-rotundzie-na-dziedzincu-od-lewej-stanislaw-palonka-kierszniewski-i-stanislaw-wasik-l-60-te-83x132-sygn-88-1178-02585-3-brak","status":"publish","type":"post","link":"https:\/\/zamojskahistoria.pl\/?p=1589","title":{"rendered":"Wizyty kapitana Kierszniewskiego na Rotundzie Na dziedzi\u0144cu, od lewej Stanis\u0142aw Palonka, Kierszniewski i Stanis\u0142\u0105w Wasik, l. 60-te 83&#215;132 \u2013 sygn. 88.1178.02585.3 brak"},"content":{"rendered":"<p>Wizyty kapitana Kierszniewskiego na Rotundzie Na dziedzi\u0144cu, od lewej Stanis\u0142aw Palonka, Kierszniewski i Stanis\u0142\u0105w Wasik, l. 60-te 83&#215;132 \u2013 sygn. 88.1178.02585.3 brak; Daty skrajne: 1904-2001<\/p>\n","protected":false},"excerpt":{"rendered":"<p>Wizyty kapitana Kierszniewskiego na Rotundzie Na dziedzi\u0144cu, od lewej Stanis\u0142aw Palonka, Kierszniewski i Stanis\u0142\u0105w Wasik, l. 60-te 83&#215;132 \u2013 sygn. 88.1178.02585.3 brak; Daty skrajne: 1904-2001<\/p>\n","protected":false},"author":1,"featured_media":112,"comment_status":"open","ping_status":"open","sticky":false,"template":"","format":"standard","meta":{"footnotes":""},"categories":[20],"tags":[],"class_list":["post-1589","post","type-post","status-publish","format-standard","has-post-thumbnail","hentry","category-zycie-spoleczno-polityczne"],"_links":{"self":[{"href":"https:\/\/zamojskahistoria.pl\/index.php?rest_route=\/wp\/v2\/posts\/1589","targetHints":{"allow":["GET"]}}],"collection":[{"href":"https:\/\/zamojskahistoria.pl\/index.php?rest_route=\/wp\/v2\/posts"}],"about":[{"href":"https:\/\/zamojskahistoria.pl\/index.php?rest_route=\/wp\/v2\/types\/post"}],"author":[{"embeddable":true,"href":"https:\/\/zamojskahistoria.pl\/index.php?rest_route=\/wp\/v2\/users\/1"}],"replies":[{"embeddable":true,"href":"https:\/\/zamojskahistoria.pl\/index.php?rest_route=%2Fwp%2Fv2%2Fcomments&post=1589"}],"version-history":[{"count":0,"href":"https:\/\/zamojskahistoria.pl\/index.php?rest_route=\/wp\/v2\/posts\/1589\/revisions"}],"wp:featuredmedia":[{"embeddable":true,"href":"https:\/\/zamojskahistoria.pl\/index.php?rest_route=\/wp\/v2\/media\/112"}],"wp:attachment":[{"href":"https:\/\/zamojskahistoria.pl\/index.php?rest_route=%2Fwp%2Fv2%2Fmedia&parent=1589"}],"wp:term":[{"taxonomy":"category","embeddable":true,"href":"https:\/\/zamojskahistoria.pl\/index.php?rest_route=%2Fwp%2Fv2%2Fcategories&post=1589"},{"taxonomy":"post_tag","embeddable":true,"href":"https:\/\/zamojskahistoria.pl\/index.php?rest_route=%2Fwp%2Fv2%2Ftags&post=1589"}],"curies":[{"name":"wp","href":"https:\/\/api.w.org\/{rel}","templated":true}]}}