{"id":1584,"date":"2024-12-02T00:00:00","date_gmt":"2024-12-01T23:00:00","guid":{"rendered":"https:\/\/zamojskahistoria.pl\/?p=1584"},"modified":"2024-12-02T00:00:00","modified_gmt":"2024-12-01T23:00:00","slug":"delegacja-zamoscian-w-toruniu-od-lewej-m-in-michal-bojarczuk-maria-sarnik-boguslaw-bodes-wlodzimierz-wasiluk-1976-odb-168x130-sygn-88-1178-02550-1-brak-bojarczuk-michal-sarnik-mari","status":"publish","type":"post","link":"https:\/\/zamojskahistoria.pl\/?p=1584","title":{"rendered":"Delegacja Zamo\u015bcian w Toruniu, Od lewej m.in. Micha\u0142 Bojarczuk, Maria Sarnik, Bogus\u0142aw Bodes, W\u0142odzimierz Wasiluk, 1976; odb. 168&#215;130 \u2013 sygn. 88.1178.02550.1 brak BOJARCZUK MICHA\u0141, SARNIK MARIA, BODES BOGUS\u0141AW, WASILUK W\u0141ODZIMIERZ, TORU\u0143"},"content":{"rendered":"<p>Delegacja Zamo\u015bcian w Toruniu, Od lewej m.in. Micha\u0142 Bojarczuk, Maria Sarnik, Bogus\u0142aw Bodes, W\u0142odzimierz Wasiluk, 1976; odb. 168&#215;130 \u2013 sygn. 88.1178.02550.1 brak BOJARCZUK MICHA\u0141, SARNIK MARIA, BODES BOGUS\u0141AW, WASILUK W\u0141ODZIMIERZ, TORU\u0143; Daty skrajne: 1904-2001<\/p>\n","protected":false},"excerpt":{"rendered":"<p>Delegacja Zamo\u015bcian w Toruniu, Od lewej m.in. Micha\u0142 Bojarczuk, Maria Sarnik, Bogus\u0142aw Bodes, W\u0142odzimierz Wasiluk, 1976; odb. 168&#215;130 \u2013 sygn. 88.1178.02550.1 brak BOJARCZUK MICHA\u0141, SARNIK MARIA, BODES BOGUS\u0141AW, WASILUK W\u0141ODZIMIERZ, TORU\u0143; Daty skrajne: 1904-2001<\/p>\n","protected":false},"author":1,"featured_media":112,"comment_status":"open","ping_status":"open","sticky":false,"template":"","format":"standard","meta":{"footnotes":""},"categories":[20],"tags":[],"class_list":["post-1584","post","type-post","status-publish","format-standard","has-post-thumbnail","hentry","category-zycie-spoleczno-polityczne"],"_links":{"self":[{"href":"https:\/\/zamojskahistoria.pl\/index.php?rest_route=\/wp\/v2\/posts\/1584","targetHints":{"allow":["GET"]}}],"collection":[{"href":"https:\/\/zamojskahistoria.pl\/index.php?rest_route=\/wp\/v2\/posts"}],"about":[{"href":"https:\/\/zamojskahistoria.pl\/index.php?rest_route=\/wp\/v2\/types\/post"}],"author":[{"embeddable":true,"href":"https:\/\/zamojskahistoria.pl\/index.php?rest_route=\/wp\/v2\/users\/1"}],"replies":[{"embeddable":true,"href":"https:\/\/zamojskahistoria.pl\/index.php?rest_route=%2Fwp%2Fv2%2Fcomments&post=1584"}],"version-history":[{"count":0,"href":"https:\/\/zamojskahistoria.pl\/index.php?rest_route=\/wp\/v2\/posts\/1584\/revisions"}],"wp:featuredmedia":[{"embeddable":true,"href":"https:\/\/zamojskahistoria.pl\/index.php?rest_route=\/wp\/v2\/media\/112"}],"wp:attachment":[{"href":"https:\/\/zamojskahistoria.pl\/index.php?rest_route=%2Fwp%2Fv2%2Fmedia&parent=1584"}],"wp:term":[{"taxonomy":"category","embeddable":true,"href":"https:\/\/zamojskahistoria.pl\/index.php?rest_route=%2Fwp%2Fv2%2Fcategories&post=1584"},{"taxonomy":"post_tag","embeddable":true,"href":"https:\/\/zamojskahistoria.pl\/index.php?rest_route=%2Fwp%2Fv2%2Ftags&post=1584"}],"curies":[{"name":"wp","href":"https:\/\/api.w.org\/{rel}","templated":true}]}}