{"id":15520,"date":"2025-01-04T00:00:00","date_gmt":"2025-01-03T23:00:00","guid":{"rendered":"https:\/\/zamojskahistoria.pl\/?p=15520"},"modified":"2025-01-04T00:00:00","modified_gmt":"2025-01-03T23:00:00","slug":"odpoczynek-l-30-te-odpoczynek-w-polu-pierwszy-z-prawej-jan-blachewicz-z-zona-eleonora-odb-110x83-sygn-88-1178-17802-1-dig","status":"publish","type":"post","link":"https:\/\/zamojskahistoria.pl\/?p=15520","title":{"rendered":"Odpoczynek, l. 30-te Odpoczynek w polu, pierwszy z prawej Jan B\u0142achewicz z \u017con\u0105 Eleonor\u0105, odb. 110&#215;83 \u2013 sygn. 88.1178.17802.1 dig."},"content":{"rendered":"<p>Odpoczynek, l. 30-te Odpoczynek w polu, pierwszy z prawej Jan B\u0142achewicz z \u017con\u0105 Eleonor\u0105, odb. 110&#215;83 \u2013 sygn. 88.1178.17802.1 dig.<\/p>\n","protected":false},"excerpt":{"rendered":"<p>Odpoczynek, l. 30-te Odpoczynek w polu, pierwszy z prawej Jan B\u0142achewicz z \u017con\u0105 Eleonor\u0105, odb. 110&#215;83 \u2013 sygn. 88.1178.17802.1 dig.<\/p>\n","protected":false},"author":1,"featured_media":112,"comment_status":"open","ping_status":"open","sticky":false,"template":"","format":"standard","meta":{"footnotes":""},"categories":[63],"tags":[],"class_list":["post-15520","post","type-post","status-publish","format-standard","has-post-thumbnail","hentry","category-rodzina"],"_links":{"self":[{"href":"https:\/\/zamojskahistoria.pl\/index.php?rest_route=\/wp\/v2\/posts\/15520","targetHints":{"allow":["GET"]}}],"collection":[{"href":"https:\/\/zamojskahistoria.pl\/index.php?rest_route=\/wp\/v2\/posts"}],"about":[{"href":"https:\/\/zamojskahistoria.pl\/index.php?rest_route=\/wp\/v2\/types\/post"}],"author":[{"embeddable":true,"href":"https:\/\/zamojskahistoria.pl\/index.php?rest_route=\/wp\/v2\/users\/1"}],"replies":[{"embeddable":true,"href":"https:\/\/zamojskahistoria.pl\/index.php?rest_route=%2Fwp%2Fv2%2Fcomments&post=15520"}],"version-history":[{"count":0,"href":"https:\/\/zamojskahistoria.pl\/index.php?rest_route=\/wp\/v2\/posts\/15520\/revisions"}],"wp:featuredmedia":[{"embeddable":true,"href":"https:\/\/zamojskahistoria.pl\/index.php?rest_route=\/wp\/v2\/media\/112"}],"wp:attachment":[{"href":"https:\/\/zamojskahistoria.pl\/index.php?rest_route=%2Fwp%2Fv2%2Fmedia&parent=15520"}],"wp:term":[{"taxonomy":"category","embeddable":true,"href":"https:\/\/zamojskahistoria.pl\/index.php?rest_route=%2Fwp%2Fv2%2Fcategories&post=15520"},{"taxonomy":"post_tag","embeddable":true,"href":"https:\/\/zamojskahistoria.pl\/index.php?rest_route=%2Fwp%2Fv2%2Ftags&post=15520"}],"curies":[{"name":"wp","href":"https:\/\/api.w.org\/{rel}","templated":true}]}}