{"id":15519,"date":"2025-01-04T00:00:00","date_gmt":"2025-01-03T23:00:00","guid":{"rendered":"https:\/\/zamojskahistoria.pl\/?p=15519"},"modified":"2025-01-04T00:00:00","modified_gmt":"2025-01-03T23:00:00","slug":"przyjecia-w-plenerze-majowka-p-nowakow-obok-stawu-bohlena-1942-r-odb-78x53-sygn-88-1178-17801-4-dig","status":"publish","type":"post","link":"https:\/\/zamojskahistoria.pl\/?p=15519","title":{"rendered":"Przyj\u0119cia w plenerze, Maj\u00f3wka p. Nowak\u00f3w, obok stawu Bohlena, 1942 r., odb.78&#215;53 \u2013 sygn. 88.1178.17801.4 dig."},"content":{"rendered":"<p>Przyj\u0119cia w plenerze, Maj\u00f3wka p. Nowak\u00f3w, obok stawu Bohlena, 1942 r., odb.78&#215;53 \u2013 sygn. 88.1178.17801.4 dig.<\/p>\n","protected":false},"excerpt":{"rendered":"<p>Przyj\u0119cia w plenerze, Maj\u00f3wka p. Nowak\u00f3w, obok stawu Bohlena, 1942 r., odb.78&#215;53 \u2013 sygn. 88.1178.17801.4 dig.<\/p>\n","protected":false},"author":1,"featured_media":112,"comment_status":"open","ping_status":"open","sticky":false,"template":"","format":"standard","meta":{"footnotes":""},"categories":[63],"tags":[],"class_list":["post-15519","post","type-post","status-publish","format-standard","has-post-thumbnail","hentry","category-rodzina"],"_links":{"self":[{"href":"https:\/\/zamojskahistoria.pl\/index.php?rest_route=\/wp\/v2\/posts\/15519","targetHints":{"allow":["GET"]}}],"collection":[{"href":"https:\/\/zamojskahistoria.pl\/index.php?rest_route=\/wp\/v2\/posts"}],"about":[{"href":"https:\/\/zamojskahistoria.pl\/index.php?rest_route=\/wp\/v2\/types\/post"}],"author":[{"embeddable":true,"href":"https:\/\/zamojskahistoria.pl\/index.php?rest_route=\/wp\/v2\/users\/1"}],"replies":[{"embeddable":true,"href":"https:\/\/zamojskahistoria.pl\/index.php?rest_route=%2Fwp%2Fv2%2Fcomments&post=15519"}],"version-history":[{"count":0,"href":"https:\/\/zamojskahistoria.pl\/index.php?rest_route=\/wp\/v2\/posts\/15519\/revisions"}],"wp:featuredmedia":[{"embeddable":true,"href":"https:\/\/zamojskahistoria.pl\/index.php?rest_route=\/wp\/v2\/media\/112"}],"wp:attachment":[{"href":"https:\/\/zamojskahistoria.pl\/index.php?rest_route=%2Fwp%2Fv2%2Fmedia&parent=15519"}],"wp:term":[{"taxonomy":"category","embeddable":true,"href":"https:\/\/zamojskahistoria.pl\/index.php?rest_route=%2Fwp%2Fv2%2Fcategories&post=15519"},{"taxonomy":"post_tag","embeddable":true,"href":"https:\/\/zamojskahistoria.pl\/index.php?rest_route=%2Fwp%2Fv2%2Ftags&post=15519"}],"curies":[{"name":"wp","href":"https:\/\/api.w.org\/{rel}","templated":true}]}}