{"id":15517,"date":"2025-01-04T00:00:00","date_gmt":"2025-01-03T23:00:00","guid":{"rendered":"https:\/\/zamojskahistoria.pl\/?p=15517"},"modified":"2025-01-04T00:00:00","modified_gmt":"2025-01-03T23:00:00","slug":"przyjecia-w-plenerze-przyjecie-w-lesie-jaroslawieckim-3-vii-1927-135x85-sygn-88-1178-17801-2-dig","status":"publish","type":"post","link":"https:\/\/zamojskahistoria.pl\/?p=15517","title":{"rendered":"Przyj\u0119cia w plenerze, Przyj\u0119cie w lesie jaros\u0142awieckim, 3 VII 1927, 135&#215;85 \u2013 sygn. 88.1178.17801.2 dig."},"content":{"rendered":"<p>Przyj\u0119cia w plenerze, Przyj\u0119cie w lesie jaros\u0142awieckim, 3 VII 1927, 135&#215;85 \u2013 sygn. 88.1178.17801.2 dig.<\/p>\n","protected":false},"excerpt":{"rendered":"<p>Przyj\u0119cia w plenerze, Przyj\u0119cie w lesie jaros\u0142awieckim, 3 VII 1927, 135&#215;85 \u2013 sygn. 88.1178.17801.2 dig.<\/p>\n","protected":false},"author":1,"featured_media":112,"comment_status":"open","ping_status":"open","sticky":false,"template":"","format":"standard","meta":{"footnotes":""},"categories":[63],"tags":[],"class_list":["post-15517","post","type-post","status-publish","format-standard","has-post-thumbnail","hentry","category-rodzina"],"_links":{"self":[{"href":"https:\/\/zamojskahistoria.pl\/index.php?rest_route=\/wp\/v2\/posts\/15517","targetHints":{"allow":["GET"]}}],"collection":[{"href":"https:\/\/zamojskahistoria.pl\/index.php?rest_route=\/wp\/v2\/posts"}],"about":[{"href":"https:\/\/zamojskahistoria.pl\/index.php?rest_route=\/wp\/v2\/types\/post"}],"author":[{"embeddable":true,"href":"https:\/\/zamojskahistoria.pl\/index.php?rest_route=\/wp\/v2\/users\/1"}],"replies":[{"embeddable":true,"href":"https:\/\/zamojskahistoria.pl\/index.php?rest_route=%2Fwp%2Fv2%2Fcomments&post=15517"}],"version-history":[{"count":0,"href":"https:\/\/zamojskahistoria.pl\/index.php?rest_route=\/wp\/v2\/posts\/15517\/revisions"}],"wp:featuredmedia":[{"embeddable":true,"href":"https:\/\/zamojskahistoria.pl\/index.php?rest_route=\/wp\/v2\/media\/112"}],"wp:attachment":[{"href":"https:\/\/zamojskahistoria.pl\/index.php?rest_route=%2Fwp%2Fv2%2Fmedia&parent=15517"}],"wp:term":[{"taxonomy":"category","embeddable":true,"href":"https:\/\/zamojskahistoria.pl\/index.php?rest_route=%2Fwp%2Fv2%2Fcategories&post=15517"},{"taxonomy":"post_tag","embeddable":true,"href":"https:\/\/zamojskahistoria.pl\/index.php?rest_route=%2Fwp%2Fv2%2Ftags&post=15517"}],"curies":[{"name":"wp","href":"https:\/\/api.w.org\/{rel}","templated":true}]}}