{"id":15516,"date":"2025-01-04T00:00:00","date_gmt":"2025-01-03T23:00:00","guid":{"rendered":"https:\/\/zamojskahistoria.pl\/?p=15516"},"modified":"2025-01-04T00:00:00","modified_gmt":"2025-01-03T23:00:00","slug":"przyjecia-w-plenerze-przyjecie-na-trawie-wg-opisu-na-odwrocie-karola-mroz-elzbieta-blachewicz-wilkowska-zaciera-p-chrobotowie-maly-antek-blachewicz-p-borowscy-waclaw-i-marian-zaciera-lezy-m","status":"publish","type":"post","link":"https:\/\/zamojskahistoria.pl\/?p=15516","title":{"rendered":"Przyj\u0119cia w plenerze, Przyj\u0119cie na trawie wg opisu na odwrocie: Karola Mr\u00f3z, El\u017cbieta B\u0142achewicz, Wilkowska, Zaciera, p. Chrobotowie, ma\u0142y Antek B\u0142achewicz p. Borowscy, Wac\u0142aw i Marian Zaciera, le\u017cy ma\u0142y Bogdan B\u0142achewicz, w g\u0142\u0119bi Jan B\u0142achewicz, l. 30-te, odb. 120&#215;85 \u2013 sygn. 88.1178.17801.1 dig."},"content":{"rendered":"<p>Przyj\u0119cia w plenerze, Przyj\u0119cie na trawie wg opisu na odwrocie: Karola Mr\u00f3z, El\u017cbieta B\u0142achewicz, Wilkowska, Zaciera, p. Chrobotowie, ma\u0142y Antek B\u0142achewicz p. Borowscy, Wac\u0142aw i Marian Zaciera, le\u017cy ma\u0142y Bogdan B\u0142achewicz, w g\u0142\u0119bi Jan B\u0142achewicz, l. 30-te, odb. 120&#215;85 \u2013 sygn. 88.1178.17801.1 dig.<\/p>\n","protected":false},"excerpt":{"rendered":"<p>Przyj\u0119cia w plenerze, Przyj\u0119cie na trawie wg opisu na odwrocie: Karola Mr\u00f3z, El\u017cbieta B\u0142achewicz, Wilkowska, Zaciera, p. Chrobotowie, ma\u0142y Antek B\u0142achewicz p. Borowscy, Wac\u0142aw i Marian Zaciera, le\u017cy ma\u0142y Bogdan B\u0142achewicz, w g\u0142\u0119bi Jan B\u0142achewicz, l. 30-te, odb. 120&#215;85 \u2013 sygn. 88.1178.17801.1 dig.<\/p>\n","protected":false},"author":1,"featured_media":112,"comment_status":"open","ping_status":"open","sticky":false,"template":"","format":"standard","meta":{"footnotes":""},"categories":[63],"tags":[],"class_list":["post-15516","post","type-post","status-publish","format-standard","has-post-thumbnail","hentry","category-rodzina"],"_links":{"self":[{"href":"https:\/\/zamojskahistoria.pl\/index.php?rest_route=\/wp\/v2\/posts\/15516","targetHints":{"allow":["GET"]}}],"collection":[{"href":"https:\/\/zamojskahistoria.pl\/index.php?rest_route=\/wp\/v2\/posts"}],"about":[{"href":"https:\/\/zamojskahistoria.pl\/index.php?rest_route=\/wp\/v2\/types\/post"}],"author":[{"embeddable":true,"href":"https:\/\/zamojskahistoria.pl\/index.php?rest_route=\/wp\/v2\/users\/1"}],"replies":[{"embeddable":true,"href":"https:\/\/zamojskahistoria.pl\/index.php?rest_route=%2Fwp%2Fv2%2Fcomments&post=15516"}],"version-history":[{"count":0,"href":"https:\/\/zamojskahistoria.pl\/index.php?rest_route=\/wp\/v2\/posts\/15516\/revisions"}],"wp:featuredmedia":[{"embeddable":true,"href":"https:\/\/zamojskahistoria.pl\/index.php?rest_route=\/wp\/v2\/media\/112"}],"wp:attachment":[{"href":"https:\/\/zamojskahistoria.pl\/index.php?rest_route=%2Fwp%2Fv2%2Fmedia&parent=15516"}],"wp:term":[{"taxonomy":"category","embeddable":true,"href":"https:\/\/zamojskahistoria.pl\/index.php?rest_route=%2Fwp%2Fv2%2Fcategories&post=15516"},{"taxonomy":"post_tag","embeddable":true,"href":"https:\/\/zamojskahistoria.pl\/index.php?rest_route=%2Fwp%2Fv2%2Ftags&post=15516"}],"curies":[{"name":"wp","href":"https:\/\/api.w.org\/{rel}","templated":true}]}}