{"id":14653,"date":"2025-01-04T00:00:00","date_gmt":"2025-01-03T23:00:00","guid":{"rendered":"https:\/\/zamojskahistoria.pl\/?p=14653"},"modified":"2025-01-04T00:00:00","modified_gmt":"2025-01-03T23:00:00","slug":"rodziny-w-mieszkaniu-lata-powojenne-rodzina-pupcow-zamosc-21-ii-1942-odb-80x55-sygn-88-1178-17102-2-dig","status":"publish","type":"post","link":"https:\/\/zamojskahistoria.pl\/?p=14653","title":{"rendered":"Rodziny w mieszkaniu, lata powojenne Rodzina Pupc\u00f3w, Zamo\u015b\u0107, 21 II 1942, odb. 80&#215;55 \u2013 sygn. 88.1178.17102.2 dig."},"content":{"rendered":"<p>Rodziny w mieszkaniu, lata powojenne Rodzina Pupc\u00f3w, Zamo\u015b\u0107, 21 II 1942, odb. 80&#215;55 \u2013 sygn. 88.1178.17102.2 dig.<\/p>\n","protected":false},"excerpt":{"rendered":"<p>Rodziny w mieszkaniu, lata powojenne Rodzina Pupc\u00f3w, Zamo\u015b\u0107, 21 II 1942, odb. 80&#215;55 \u2013 sygn. 88.1178.17102.2 dig.<\/p>\n","protected":false},"author":1,"featured_media":112,"comment_status":"open","ping_status":"open","sticky":false,"template":"","format":"standard","meta":{"footnotes":""},"categories":[63],"tags":[],"class_list":["post-14653","post","type-post","status-publish","format-standard","has-post-thumbnail","hentry","category-rodzina"],"_links":{"self":[{"href":"https:\/\/zamojskahistoria.pl\/index.php?rest_route=\/wp\/v2\/posts\/14653","targetHints":{"allow":["GET"]}}],"collection":[{"href":"https:\/\/zamojskahistoria.pl\/index.php?rest_route=\/wp\/v2\/posts"}],"about":[{"href":"https:\/\/zamojskahistoria.pl\/index.php?rest_route=\/wp\/v2\/types\/post"}],"author":[{"embeddable":true,"href":"https:\/\/zamojskahistoria.pl\/index.php?rest_route=\/wp\/v2\/users\/1"}],"replies":[{"embeddable":true,"href":"https:\/\/zamojskahistoria.pl\/index.php?rest_route=%2Fwp%2Fv2%2Fcomments&post=14653"}],"version-history":[{"count":0,"href":"https:\/\/zamojskahistoria.pl\/index.php?rest_route=\/wp\/v2\/posts\/14653\/revisions"}],"wp:featuredmedia":[{"embeddable":true,"href":"https:\/\/zamojskahistoria.pl\/index.php?rest_route=\/wp\/v2\/media\/112"}],"wp:attachment":[{"href":"https:\/\/zamojskahistoria.pl\/index.php?rest_route=%2Fwp%2Fv2%2Fmedia&parent=14653"}],"wp:term":[{"taxonomy":"category","embeddable":true,"href":"https:\/\/zamojskahistoria.pl\/index.php?rest_route=%2Fwp%2Fv2%2Fcategories&post=14653"},{"taxonomy":"post_tag","embeddable":true,"href":"https:\/\/zamojskahistoria.pl\/index.php?rest_route=%2Fwp%2Fv2%2Ftags&post=14653"}],"curies":[{"name":"wp","href":"https:\/\/api.w.org\/{rel}","templated":true}]}}