{"id":14629,"date":"2025-01-05T00:00:00","date_gmt":"2025-01-04T23:00:00","guid":{"rendered":"https:\/\/zamojskahistoria.pl\/?p=14629"},"modified":"2025-01-05T00:00:00","modified_gmt":"2025-01-04T23:00:00","slug":"zurawski-jacek-ksiadz-nabozenstwo-z-udzialem-biskupa-kaminskiego-plener-l-80-te-kol-odb-180x130-sygn-88-1178-brak","status":"publish","type":"post","link":"https:\/\/zamojskahistoria.pl\/?p=14629","title":{"rendered":"\u017burawski Jacek ksi\u0105dz Nabo\u017ce\u0144stwo z udzia\u0142em biskupa Kami\u0144skiego, plener, l. 80-te, kol. odb. 180&#215;130 \u2013 sygn. 88.1178 brak"},"content":{"rendered":"<p>\u017burawski Jacek ksi\u0105dz Nabo\u017ce\u0144stwo z udzia\u0142em biskupa Kami\u0144skiego, plener, l. 80-te, kol. odb. 180&#215;130 \u2013 sygn. 88.1178 brak<\/p>\n","protected":false},"excerpt":{"rendered":"<p>\u017burawski Jacek ksi\u0105dz Nabo\u017ce\u0144stwo z udzia\u0142em biskupa Kami\u0144skiego, plener, l. 80-te, kol. odb. 180&#215;130 \u2013 sygn. 88.1178 brak<\/p>\n","protected":false},"author":1,"featured_media":112,"comment_status":"open","ping_status":"open","sticky":false,"template":"","format":"standard","meta":{"footnotes":""},"categories":[62],"tags":[],"class_list":["post-14629","post","type-post","status-publish","format-standard","has-post-thumbnail","hentry","category-ludzie"],"_links":{"self":[{"href":"https:\/\/zamojskahistoria.pl\/index.php?rest_route=\/wp\/v2\/posts\/14629","targetHints":{"allow":["GET"]}}],"collection":[{"href":"https:\/\/zamojskahistoria.pl\/index.php?rest_route=\/wp\/v2\/posts"}],"about":[{"href":"https:\/\/zamojskahistoria.pl\/index.php?rest_route=\/wp\/v2\/types\/post"}],"author":[{"embeddable":true,"href":"https:\/\/zamojskahistoria.pl\/index.php?rest_route=\/wp\/v2\/users\/1"}],"replies":[{"embeddable":true,"href":"https:\/\/zamojskahistoria.pl\/index.php?rest_route=%2Fwp%2Fv2%2Fcomments&post=14629"}],"version-history":[{"count":0,"href":"https:\/\/zamojskahistoria.pl\/index.php?rest_route=\/wp\/v2\/posts\/14629\/revisions"}],"wp:featuredmedia":[{"embeddable":true,"href":"https:\/\/zamojskahistoria.pl\/index.php?rest_route=\/wp\/v2\/media\/112"}],"wp:attachment":[{"href":"https:\/\/zamojskahistoria.pl\/index.php?rest_route=%2Fwp%2Fv2%2Fmedia&parent=14629"}],"wp:term":[{"taxonomy":"category","embeddable":true,"href":"https:\/\/zamojskahistoria.pl\/index.php?rest_route=%2Fwp%2Fv2%2Fcategories&post=14629"},{"taxonomy":"post_tag","embeddable":true,"href":"https:\/\/zamojskahistoria.pl\/index.php?rest_route=%2Fwp%2Fv2%2Ftags&post=14629"}],"curies":[{"name":"wp","href":"https:\/\/api.w.org\/{rel}","templated":true}]}}