{"id":14414,"date":"2025-01-05T00:00:00","date_gmt":"2025-01-04T23:00:00","guid":{"rendered":"https:\/\/zamojskahistoria.pl\/?p=14414"},"modified":"2025-01-05T00:00:00","modified_gmt":"2025-01-04T23:00:00","slug":"szykula-antoni-wozny-portret-w-mundurze-odb-87x137-wg-piecz-j-strzyzowski-zakl-art-fotografii-w-zamosciu-odb-86x135-sygn-88-1178-dig","status":"publish","type":"post","link":"https:\/\/zamojskahistoria.pl\/?p=14414","title":{"rendered":"Szyku\u0142a Antoni wo\u017any Portret w mundurze, odb. 87&#215;137 wg piecz. \u201eJ. Strzy\u017cowski Zak\u0142. Art. Fotografii w Zamo\u015bciu\u201d, odb. 86&#215;135 \u2013 sygn. 88.1178 dig."},"content":{"rendered":"<p>Szyku\u0142a Antoni wo\u017any Portret w mundurze, odb. 87&#215;137 wg piecz. \u201eJ. Strzy\u017cowski Zak\u0142. Art. Fotografii w Zamo\u015bciu\u201d, odb. 86&#215;135 \u2013 sygn. 88.1178 dig.<\/p>\n","protected":false},"excerpt":{"rendered":"<p>Szyku\u0142a Antoni wo\u017any Portret w mundurze, odb. 87&#215;137 wg piecz. \u201eJ. Strzy\u017cowski Zak\u0142. Art. Fotografii w Zamo\u015bciu\u201d, odb. 86&#215;135 \u2013 sygn. 88.1178 dig.<\/p>\n","protected":false},"author":1,"featured_media":112,"comment_status":"open","ping_status":"open","sticky":false,"template":"","format":"standard","meta":{"footnotes":""},"categories":[62],"tags":[],"class_list":["post-14414","post","type-post","status-publish","format-standard","has-post-thumbnail","hentry","category-ludzie"],"_links":{"self":[{"href":"https:\/\/zamojskahistoria.pl\/index.php?rest_route=\/wp\/v2\/posts\/14414","targetHints":{"allow":["GET"]}}],"collection":[{"href":"https:\/\/zamojskahistoria.pl\/index.php?rest_route=\/wp\/v2\/posts"}],"about":[{"href":"https:\/\/zamojskahistoria.pl\/index.php?rest_route=\/wp\/v2\/types\/post"}],"author":[{"embeddable":true,"href":"https:\/\/zamojskahistoria.pl\/index.php?rest_route=\/wp\/v2\/users\/1"}],"replies":[{"embeddable":true,"href":"https:\/\/zamojskahistoria.pl\/index.php?rest_route=%2Fwp%2Fv2%2Fcomments&post=14414"}],"version-history":[{"count":0,"href":"https:\/\/zamojskahistoria.pl\/index.php?rest_route=\/wp\/v2\/posts\/14414\/revisions"}],"wp:featuredmedia":[{"embeddable":true,"href":"https:\/\/zamojskahistoria.pl\/index.php?rest_route=\/wp\/v2\/media\/112"}],"wp:attachment":[{"href":"https:\/\/zamojskahistoria.pl\/index.php?rest_route=%2Fwp%2Fv2%2Fmedia&parent=14414"}],"wp:term":[{"taxonomy":"category","embeddable":true,"href":"https:\/\/zamojskahistoria.pl\/index.php?rest_route=%2Fwp%2Fv2%2Fcategories&post=14414"},{"taxonomy":"post_tag","embeddable":true,"href":"https:\/\/zamojskahistoria.pl\/index.php?rest_route=%2Fwp%2Fv2%2Ftags&post=14414"}],"curies":[{"name":"wp","href":"https:\/\/api.w.org\/{rel}","templated":true}]}}