{"id":1417,"date":"2024-12-02T00:00:00","date_gmt":"2024-12-01T23:00:00","guid":{"rendered":"https:\/\/zamojskahistoria.pl\/?p=1417"},"modified":"2024-12-02T00:00:00","modified_gmt":"2024-12-01T23:00:00","slug":"pochody-rozne-pochod-1-majowy-moze-nielisz-wzglednie-szczebrzeszyn-ze-zbiorow-posterunku-w-nieliszu-1946-r-odb-82x56-sygn-88-1178-02391-3-dig","status":"publish","type":"post","link":"https:\/\/zamojskahistoria.pl\/?p=1417","title":{"rendered":"Pochody r\u00f3\u017cne Poch\u00f3d 1 majowy \u2013 mo\u017ce Nielisz, wzgl\u0119dnie Szczebrzeszyn (ze zbior\u00f3w posterunku w Nieliszu), 1946 r., odb. 82&#215;56 \u2013 sygn. 88.1178.02391.3 dig."},"content":{"rendered":"<p>Pochody r\u00f3\u017cne Poch\u00f3d 1 majowy \u2013 mo\u017ce Nielisz, wzgl\u0119dnie Szczebrzeszyn (ze zbior\u00f3w posterunku w Nieliszu), 1946 r., odb. 82&#215;56 \u2013 sygn. 88.1178.02391.3 dig.; Daty skrajne: 1904-2001<\/p>\n","protected":false},"excerpt":{"rendered":"<p>Pochody r\u00f3\u017cne Poch\u00f3d 1 majowy \u2013 mo\u017ce Nielisz, wzgl\u0119dnie Szczebrzeszyn (ze zbior\u00f3w posterunku w Nieliszu), 1946 r., odb. 82&#215;56 \u2013 sygn. 88.1178.02391.3 dig.; Daty skrajne: 1904-2001<\/p>\n","protected":false},"author":1,"featured_media":112,"comment_status":"open","ping_status":"open","sticky":false,"template":"","format":"standard","meta":{"footnotes":""},"categories":[20],"tags":[],"class_list":["post-1417","post","type-post","status-publish","format-standard","has-post-thumbnail","hentry","category-zycie-spoleczno-polityczne"],"_links":{"self":[{"href":"https:\/\/zamojskahistoria.pl\/index.php?rest_route=\/wp\/v2\/posts\/1417","targetHints":{"allow":["GET"]}}],"collection":[{"href":"https:\/\/zamojskahistoria.pl\/index.php?rest_route=\/wp\/v2\/posts"}],"about":[{"href":"https:\/\/zamojskahistoria.pl\/index.php?rest_route=\/wp\/v2\/types\/post"}],"author":[{"embeddable":true,"href":"https:\/\/zamojskahistoria.pl\/index.php?rest_route=\/wp\/v2\/users\/1"}],"replies":[{"embeddable":true,"href":"https:\/\/zamojskahistoria.pl\/index.php?rest_route=%2Fwp%2Fv2%2Fcomments&post=1417"}],"version-history":[{"count":0,"href":"https:\/\/zamojskahistoria.pl\/index.php?rest_route=\/wp\/v2\/posts\/1417\/revisions"}],"wp:featuredmedia":[{"embeddable":true,"href":"https:\/\/zamojskahistoria.pl\/index.php?rest_route=\/wp\/v2\/media\/112"}],"wp:attachment":[{"href":"https:\/\/zamojskahistoria.pl\/index.php?rest_route=%2Fwp%2Fv2%2Fmedia&parent=1417"}],"wp:term":[{"taxonomy":"category","embeddable":true,"href":"https:\/\/zamojskahistoria.pl\/index.php?rest_route=%2Fwp%2Fv2%2Fcategories&post=1417"},{"taxonomy":"post_tag","embeddable":true,"href":"https:\/\/zamojskahistoria.pl\/index.php?rest_route=%2Fwp%2Fv2%2Ftags&post=1417"}],"curies":[{"name":"wp","href":"https:\/\/api.w.org\/{rel}","templated":true}]}}