{"id":1408,"date":"2024-12-02T00:00:00","date_gmt":"2024-12-01T23:00:00","guid":{"rendered":"https:\/\/zamojskahistoria.pl\/?p=1408"},"modified":"2024-12-02T00:00:00","modified_gmt":"2024-12-01T23:00:00","slug":"pochod-pierwszomajowy-w-radecznicy-pracownicy-szpitala-w-pochodzie-na-czele-zespol-muzyczny-ujecie-i-ii-l-60-te-odb-130x85-sygn-88-1178-02372-3-4-brak","status":"publish","type":"post","link":"https:\/\/zamojskahistoria.pl\/?p=1408","title":{"rendered":"Poch\u00f3d pierwszomajowy w Radecznicy Pracownicy szpitala w pochodzie na czele zesp\u00f3\u0142 muzyczny, uj\u0119cie I\u2013II, l. 60-te, odb. 130&#215;85 \u2013 sygn. 88.1178.02372.3-4 brak"},"content":{"rendered":"<p>Poch\u00f3d pierwszomajowy w Radecznicy Pracownicy szpitala w pochodzie na czele zesp\u00f3\u0142 muzyczny, uj\u0119cie I\u2013II, l. 60-te, odb. 130&#215;85 \u2013 sygn. 88.1178.02372.3-4 brak; Daty skrajne: 1904-2001<\/p>\n","protected":false},"excerpt":{"rendered":"<p>Poch\u00f3d pierwszomajowy w Radecznicy Pracownicy szpitala w pochodzie na czele zesp\u00f3\u0142 muzyczny, uj\u0119cie I\u2013II, l. 60-te, odb. 130&#215;85 \u2013 sygn. 88.1178.02372.3-4 brak; Daty skrajne: 1904-2001<\/p>\n","protected":false},"author":1,"featured_media":112,"comment_status":"open","ping_status":"open","sticky":false,"template":"","format":"standard","meta":{"footnotes":""},"categories":[20],"tags":[],"class_list":["post-1408","post","type-post","status-publish","format-standard","has-post-thumbnail","hentry","category-zycie-spoleczno-polityczne"],"_links":{"self":[{"href":"https:\/\/zamojskahistoria.pl\/index.php?rest_route=\/wp\/v2\/posts\/1408","targetHints":{"allow":["GET"]}}],"collection":[{"href":"https:\/\/zamojskahistoria.pl\/index.php?rest_route=\/wp\/v2\/posts"}],"about":[{"href":"https:\/\/zamojskahistoria.pl\/index.php?rest_route=\/wp\/v2\/types\/post"}],"author":[{"embeddable":true,"href":"https:\/\/zamojskahistoria.pl\/index.php?rest_route=\/wp\/v2\/users\/1"}],"replies":[{"embeddable":true,"href":"https:\/\/zamojskahistoria.pl\/index.php?rest_route=%2Fwp%2Fv2%2Fcomments&post=1408"}],"version-history":[{"count":0,"href":"https:\/\/zamojskahistoria.pl\/index.php?rest_route=\/wp\/v2\/posts\/1408\/revisions"}],"wp:featuredmedia":[{"embeddable":true,"href":"https:\/\/zamojskahistoria.pl\/index.php?rest_route=\/wp\/v2\/media\/112"}],"wp:attachment":[{"href":"https:\/\/zamojskahistoria.pl\/index.php?rest_route=%2Fwp%2Fv2%2Fmedia&parent=1408"}],"wp:term":[{"taxonomy":"category","embeddable":true,"href":"https:\/\/zamojskahistoria.pl\/index.php?rest_route=%2Fwp%2Fv2%2Fcategories&post=1408"},{"taxonomy":"post_tag","embeddable":true,"href":"https:\/\/zamojskahistoria.pl\/index.php?rest_route=%2Fwp%2Fv2%2Ftags&post=1408"}],"curies":[{"name":"wp","href":"https:\/\/api.w.org\/{rel}","templated":true}]}}