{"id":1407,"date":"2024-12-02T00:00:00","date_gmt":"2024-12-01T23:00:00","guid":{"rendered":"https:\/\/zamojskahistoria.pl\/?p=1407"},"modified":"2024-12-02T00:00:00","modified_gmt":"2024-12-01T23:00:00","slug":"pochod-pierwszomajowy-w-radecznicy-akademia-wystepuje-mlodziezowy-zepol-muzyczny-przy-szpitalu-w-radecznicy-dyryguje-aleksander-smarkala-ujecie-i-ii-l-60-te-odb-130x85-sygn","status":"publish","type":"post","link":"https:\/\/zamojskahistoria.pl\/?p=1407","title":{"rendered":"Poch\u00f3d pierwszomajowy w Radecznicy Akademia &#8211; wyst\u0119puje m\u0142odzie\u017cowy zep\u00f3\u0142 muzyczny przy Szpitalu w Radecznicy, dyryguje Aleksander Smarkala, uj\u0119cie I \u2013 II, l. 60-te, odb. 130&#215;85 \u2013 sygn. 88.1178.02372.1-2 brak"},"content":{"rendered":"<p>Poch\u00f3d pierwszomajowy w Radecznicy Akademia &#8211; wyst\u0119puje m\u0142odzie\u017cowy zep\u00f3\u0142 muzyczny przy Szpitalu w Radecznicy, dyryguje Aleksander Smarkala, uj\u0119cie I \u2013 II, l. 60-te, odb. 130&#215;85 \u2013 sygn. 88.1178.02372.1-2 brak; Daty skrajne: 1904-2001<\/p>\n","protected":false},"excerpt":{"rendered":"<p>Poch\u00f3d pierwszomajowy w Radecznicy Akademia &#8211; wyst\u0119puje m\u0142odzie\u017cowy zep\u00f3\u0142 muzyczny przy Szpitalu w Radecznicy, dyryguje Aleksander Smarkala, uj\u0119cie I \u2013 II, l. 60-te, odb. 130&#215;85 \u2013 sygn. 88.1178.02372.1-2 brak; Daty skrajne: 1904-2001<\/p>\n","protected":false},"author":1,"featured_media":112,"comment_status":"open","ping_status":"open","sticky":false,"template":"","format":"standard","meta":{"footnotes":""},"categories":[20],"tags":[],"class_list":["post-1407","post","type-post","status-publish","format-standard","has-post-thumbnail","hentry","category-zycie-spoleczno-polityczne"],"_links":{"self":[{"href":"https:\/\/zamojskahistoria.pl\/index.php?rest_route=\/wp\/v2\/posts\/1407","targetHints":{"allow":["GET"]}}],"collection":[{"href":"https:\/\/zamojskahistoria.pl\/index.php?rest_route=\/wp\/v2\/posts"}],"about":[{"href":"https:\/\/zamojskahistoria.pl\/index.php?rest_route=\/wp\/v2\/types\/post"}],"author":[{"embeddable":true,"href":"https:\/\/zamojskahistoria.pl\/index.php?rest_route=\/wp\/v2\/users\/1"}],"replies":[{"embeddable":true,"href":"https:\/\/zamojskahistoria.pl\/index.php?rest_route=%2Fwp%2Fv2%2Fcomments&post=1407"}],"version-history":[{"count":0,"href":"https:\/\/zamojskahistoria.pl\/index.php?rest_route=\/wp\/v2\/posts\/1407\/revisions"}],"wp:featuredmedia":[{"embeddable":true,"href":"https:\/\/zamojskahistoria.pl\/index.php?rest_route=\/wp\/v2\/media\/112"}],"wp:attachment":[{"href":"https:\/\/zamojskahistoria.pl\/index.php?rest_route=%2Fwp%2Fv2%2Fmedia&parent=1407"}],"wp:term":[{"taxonomy":"category","embeddable":true,"href":"https:\/\/zamojskahistoria.pl\/index.php?rest_route=%2Fwp%2Fv2%2Fcategories&post=1407"},{"taxonomy":"post_tag","embeddable":true,"href":"https:\/\/zamojskahistoria.pl\/index.php?rest_route=%2Fwp%2Fv2%2Ftags&post=1407"}],"curies":[{"name":"wp","href":"https:\/\/api.w.org\/{rel}","templated":true}]}}