{"id":1392,"date":"2024-12-02T00:00:00","date_gmt":"2024-12-01T23:00:00","guid":{"rendered":"https:\/\/zamojskahistoria.pl\/?p=1392"},"modified":"2024-12-02T00:00:00","modified_gmt":"2024-12-01T23:00:00","slug":"szczebrzeszyn-liceum-pedagogiczne-grono-profesorskie-ostatni-tj-pierwszy-od-lewej-b-pietruszynski-m-kapica-kolodziejczyk-nn-franciszek-kmiecik-krystyna-niechaj-piwowarek-ciemny-plaszcz-n","status":"publish","type":"post","link":"https:\/\/zamojskahistoria.pl\/?p=1392","title":{"rendered":"Szczebrzeszyn Liceum Pedagogiczne, grono profesorskie, ostatni tj. pierwszy od lewej B. Pietruszy\u0144ski, M. Kapica, Ko\u0142odziejczyk, NN, Franciszek Kmiecik, Krystyna Niechaj, Piwowarek (ciemny p\u0142aszcz), NN 1958, odb. 130&#215;80 \u2013 sygn. 88.1178.02361.6 dig."},"content":{"rendered":"<p>Szczebrzeszyn Liceum Pedagogiczne, grono profesorskie, ostatni tj. pierwszy od lewej B. Pietruszy\u0144ski, M. Kapica, Ko\u0142odziejczyk, NN, Franciszek Kmiecik, Krystyna Niechaj, Piwowarek (ciemny p\u0142aszcz), NN 1958, odb. 130&#215;80 \u2013 sygn. 88.1178.02361.6 dig.; Daty skrajne: 1904-2001<\/p>\n","protected":false},"excerpt":{"rendered":"<p>Szczebrzeszyn Liceum Pedagogiczne, grono profesorskie, ostatni tj. pierwszy od lewej B. Pietruszy\u0144ski, M. Kapica, Ko\u0142odziejczyk, NN, Franciszek Kmiecik, Krystyna Niechaj, Piwowarek (ciemny p\u0142aszcz), NN 1958, odb. 130&#215;80 \u2013 sygn. 88.1178.02361.6 dig.; Daty skrajne: 1904-2001<\/p>\n","protected":false},"author":1,"featured_media":112,"comment_status":"open","ping_status":"open","sticky":false,"template":"","format":"standard","meta":{"footnotes":""},"categories":[20],"tags":[],"class_list":["post-1392","post","type-post","status-publish","format-standard","has-post-thumbnail","hentry","category-zycie-spoleczno-polityczne"],"_links":{"self":[{"href":"https:\/\/zamojskahistoria.pl\/index.php?rest_route=\/wp\/v2\/posts\/1392","targetHints":{"allow":["GET"]}}],"collection":[{"href":"https:\/\/zamojskahistoria.pl\/index.php?rest_route=\/wp\/v2\/posts"}],"about":[{"href":"https:\/\/zamojskahistoria.pl\/index.php?rest_route=\/wp\/v2\/types\/post"}],"author":[{"embeddable":true,"href":"https:\/\/zamojskahistoria.pl\/index.php?rest_route=\/wp\/v2\/users\/1"}],"replies":[{"embeddable":true,"href":"https:\/\/zamojskahistoria.pl\/index.php?rest_route=%2Fwp%2Fv2%2Fcomments&post=1392"}],"version-history":[{"count":0,"href":"https:\/\/zamojskahistoria.pl\/index.php?rest_route=\/wp\/v2\/posts\/1392\/revisions"}],"wp:featuredmedia":[{"embeddable":true,"href":"https:\/\/zamojskahistoria.pl\/index.php?rest_route=\/wp\/v2\/media\/112"}],"wp:attachment":[{"href":"https:\/\/zamojskahistoria.pl\/index.php?rest_route=%2Fwp%2Fv2%2Fmedia&parent=1392"}],"wp:term":[{"taxonomy":"category","embeddable":true,"href":"https:\/\/zamojskahistoria.pl\/index.php?rest_route=%2Fwp%2Fv2%2Fcategories&post=1392"},{"taxonomy":"post_tag","embeddable":true,"href":"https:\/\/zamojskahistoria.pl\/index.php?rest_route=%2Fwp%2Fv2%2Ftags&post=1392"}],"curies":[{"name":"wp","href":"https:\/\/api.w.org\/{rel}","templated":true}]}}