{"id":1384,"date":"2024-12-02T00:00:00","date_gmt":"2024-12-01T23:00:00","guid":{"rendered":"https:\/\/zamojskahistoria.pl\/?p=1384"},"modified":"2024-12-02T00:00:00","modified_gmt":"2024-12-01T23:00:00","slug":"pochody-pierwszomajowe-autor-miroslaw-chmiel-zamosc-neg-0189-52-55-sygn-88-1178-02359-1-4-brak","status":"publish","type":"post","link":"https:\/\/zamojskahistoria.pl\/?p=1384","title":{"rendered":"Pochody pierwszomajowe, autor Miros\u0142aw Chmiel Zamo\u015b\u0107, neg.0189.52-55 \u2013 sygn. 88.1178.02359.1-4 brak"},"content":{"rendered":"<p>Pochody pierwszomajowe, autor Miros\u0142aw Chmiel Zamo\u015b\u0107, neg.0189.52-55 \u2013 sygn. 88.1178.02359.1-4 brak; Daty skrajne: 1904-2001<\/p>\n","protected":false},"excerpt":{"rendered":"<p>Pochody pierwszomajowe, autor Miros\u0142aw Chmiel Zamo\u015b\u0107, neg.0189.52-55 \u2013 sygn. 88.1178.02359.1-4 brak; Daty skrajne: 1904-2001<\/p>\n","protected":false},"author":1,"featured_media":112,"comment_status":"open","ping_status":"open","sticky":false,"template":"","format":"standard","meta":{"footnotes":""},"categories":[20],"tags":[],"class_list":["post-1384","post","type-post","status-publish","format-standard","has-post-thumbnail","hentry","category-zycie-spoleczno-polityczne"],"_links":{"self":[{"href":"https:\/\/zamojskahistoria.pl\/index.php?rest_route=\/wp\/v2\/posts\/1384","targetHints":{"allow":["GET"]}}],"collection":[{"href":"https:\/\/zamojskahistoria.pl\/index.php?rest_route=\/wp\/v2\/posts"}],"about":[{"href":"https:\/\/zamojskahistoria.pl\/index.php?rest_route=\/wp\/v2\/types\/post"}],"author":[{"embeddable":true,"href":"https:\/\/zamojskahistoria.pl\/index.php?rest_route=\/wp\/v2\/users\/1"}],"replies":[{"embeddable":true,"href":"https:\/\/zamojskahistoria.pl\/index.php?rest_route=%2Fwp%2Fv2%2Fcomments&post=1384"}],"version-history":[{"count":0,"href":"https:\/\/zamojskahistoria.pl\/index.php?rest_route=\/wp\/v2\/posts\/1384\/revisions"}],"wp:featuredmedia":[{"embeddable":true,"href":"https:\/\/zamojskahistoria.pl\/index.php?rest_route=\/wp\/v2\/media\/112"}],"wp:attachment":[{"href":"https:\/\/zamojskahistoria.pl\/index.php?rest_route=%2Fwp%2Fv2%2Fmedia&parent=1384"}],"wp:term":[{"taxonomy":"category","embeddable":true,"href":"https:\/\/zamojskahistoria.pl\/index.php?rest_route=%2Fwp%2Fv2%2Fcategories&post=1384"},{"taxonomy":"post_tag","embeddable":true,"href":"https:\/\/zamojskahistoria.pl\/index.php?rest_route=%2Fwp%2Fv2%2Ftags&post=1384"}],"curies":[{"name":"wp","href":"https:\/\/api.w.org\/{rel}","templated":true}]}}