{"id":1375,"date":"2024-12-02T00:00:00","date_gmt":"2024-12-01T23:00:00","guid":{"rendered":"https:\/\/zamojskahistoria.pl\/?p=1375"},"modified":"2024-12-02T00:00:00","modified_gmt":"2024-12-01T23:00:00","slug":"pochody-pierwszomajowe-l-70-tych-pochod-po-1975-wladze-wojewodzkie-ujecie-i-xix-neg-0311-674-692-sygn-88-1178-02347-1-19-dig","status":"publish","type":"post","link":"https:\/\/zamojskahistoria.pl\/?p=1375","title":{"rendered":"Pochody pierwszomajowe, l. 70-tych Poch\u00f3d po 1975 (w\u0142adze wojew\u00f3dzkie) uj\u0119cie I-XIX, neg. 0311.674-692 \u2013 sygn. 88.1178.02347.1-19 dig."},"content":{"rendered":"<p>Pochody pierwszomajowe, l. 70-tych Poch\u00f3d po 1975 (w\u0142adze wojew\u00f3dzkie) uj\u0119cie I-XIX, neg. 0311.674-692 \u2013 sygn. 88.1178.02347.1-19 dig.; Daty skrajne: 1904-2001<\/p>\n","protected":false},"excerpt":{"rendered":"<p>Pochody pierwszomajowe, l. 70-tych Poch\u00f3d po 1975 (w\u0142adze wojew\u00f3dzkie) uj\u0119cie I-XIX, neg. 0311.674-692 \u2013 sygn. 88.1178.02347.1-19 dig.; Daty skrajne: 1904-2001<\/p>\n","protected":false},"author":1,"featured_media":112,"comment_status":"open","ping_status":"open","sticky":false,"template":"","format":"standard","meta":{"footnotes":""},"categories":[20],"tags":[],"class_list":["post-1375","post","type-post","status-publish","format-standard","has-post-thumbnail","hentry","category-zycie-spoleczno-polityczne"],"_links":{"self":[{"href":"https:\/\/zamojskahistoria.pl\/index.php?rest_route=\/wp\/v2\/posts\/1375","targetHints":{"allow":["GET"]}}],"collection":[{"href":"https:\/\/zamojskahistoria.pl\/index.php?rest_route=\/wp\/v2\/posts"}],"about":[{"href":"https:\/\/zamojskahistoria.pl\/index.php?rest_route=\/wp\/v2\/types\/post"}],"author":[{"embeddable":true,"href":"https:\/\/zamojskahistoria.pl\/index.php?rest_route=\/wp\/v2\/users\/1"}],"replies":[{"embeddable":true,"href":"https:\/\/zamojskahistoria.pl\/index.php?rest_route=%2Fwp%2Fv2%2Fcomments&post=1375"}],"version-history":[{"count":0,"href":"https:\/\/zamojskahistoria.pl\/index.php?rest_route=\/wp\/v2\/posts\/1375\/revisions"}],"wp:featuredmedia":[{"embeddable":true,"href":"https:\/\/zamojskahistoria.pl\/index.php?rest_route=\/wp\/v2\/media\/112"}],"wp:attachment":[{"href":"https:\/\/zamojskahistoria.pl\/index.php?rest_route=%2Fwp%2Fv2%2Fmedia&parent=1375"}],"wp:term":[{"taxonomy":"category","embeddable":true,"href":"https:\/\/zamojskahistoria.pl\/index.php?rest_route=%2Fwp%2Fv2%2Fcategories&post=1375"},{"taxonomy":"post_tag","embeddable":true,"href":"https:\/\/zamojskahistoria.pl\/index.php?rest_route=%2Fwp%2Fv2%2Ftags&post=1375"}],"curies":[{"name":"wp","href":"https:\/\/api.w.org\/{rel}","templated":true}]}}