{"id":1373,"date":"2024-12-02T00:00:00","date_gmt":"2024-12-01T23:00:00","guid":{"rendered":"https:\/\/zamojskahistoria.pl\/?p=1373"},"modified":"2024-12-02T00:00:00","modified_gmt":"2024-12-01T23:00:00","slug":"pochod-lata-60-te-ul-lukasinskiego-1964-r-ujecie-i-vi-neg-0311-741-746-sygn-88-1178-02346-55-60-dig","status":"publish","type":"post","link":"https:\/\/zamojskahistoria.pl\/?p=1373","title":{"rendered":"Poch\u00f3d lata 60-te,  Ul. \u0141ukasi\u0144skiego, 1964 r., Uj\u0119cie I-VI, neg. 0311.741-746 \u2013 sygn. 88.1178.02346.55-60 dig."},"content":{"rendered":"<p>Poch\u00f3d lata 60-te,  Ul. \u0141ukasi\u0144skiego, 1964 r., Uj\u0119cie I-VI, neg. 0311.741-746 \u2013 sygn. 88.1178.02346.55-60 dig.; Daty skrajne: 1904-2001<\/p>\n","protected":false},"excerpt":{"rendered":"<p>Poch\u00f3d lata 60-te, Ul. \u0141ukasi\u0144skiego, 1964 r., Uj\u0119cie I-VI, neg. 0311.741-746 \u2013 sygn. 88.1178.02346.55-60 dig.; Daty skrajne: 1904-2001<\/p>\n","protected":false},"author":1,"featured_media":112,"comment_status":"open","ping_status":"open","sticky":false,"template":"","format":"standard","meta":{"footnotes":""},"categories":[20],"tags":[],"class_list":["post-1373","post","type-post","status-publish","format-standard","has-post-thumbnail","hentry","category-zycie-spoleczno-polityczne"],"_links":{"self":[{"href":"https:\/\/zamojskahistoria.pl\/index.php?rest_route=\/wp\/v2\/posts\/1373","targetHints":{"allow":["GET"]}}],"collection":[{"href":"https:\/\/zamojskahistoria.pl\/index.php?rest_route=\/wp\/v2\/posts"}],"about":[{"href":"https:\/\/zamojskahistoria.pl\/index.php?rest_route=\/wp\/v2\/types\/post"}],"author":[{"embeddable":true,"href":"https:\/\/zamojskahistoria.pl\/index.php?rest_route=\/wp\/v2\/users\/1"}],"replies":[{"embeddable":true,"href":"https:\/\/zamojskahistoria.pl\/index.php?rest_route=%2Fwp%2Fv2%2Fcomments&post=1373"}],"version-history":[{"count":0,"href":"https:\/\/zamojskahistoria.pl\/index.php?rest_route=\/wp\/v2\/posts\/1373\/revisions"}],"wp:featuredmedia":[{"embeddable":true,"href":"https:\/\/zamojskahistoria.pl\/index.php?rest_route=\/wp\/v2\/media\/112"}],"wp:attachment":[{"href":"https:\/\/zamojskahistoria.pl\/index.php?rest_route=%2Fwp%2Fv2%2Fmedia&parent=1373"}],"wp:term":[{"taxonomy":"category","embeddable":true,"href":"https:\/\/zamojskahistoria.pl\/index.php?rest_route=%2Fwp%2Fv2%2Fcategories&post=1373"},{"taxonomy":"post_tag","embeddable":true,"href":"https:\/\/zamojskahistoria.pl\/index.php?rest_route=%2Fwp%2Fv2%2Ftags&post=1373"}],"curies":[{"name":"wp","href":"https:\/\/api.w.org\/{rel}","templated":true}]}}