{"id":133,"date":"2025-01-04T20:48:00","date_gmt":"2025-01-04T19:48:00","guid":{"rendered":"https:\/\/zamojskahistoria.pl\/?p=133"},"modified":"2025-01-04T20:48:00","modified_gmt":"2025-01-04T19:48:00","slug":"wg-podpisu-dowody-rzeczowe-odebrane-ludowcom-wiciowcom-i-komunistom-w-toku-prowadzonych-dochodzen-w-sprawie-zbrojnego-wystapienia-tychze-przeciwko-policji-w-zukowie-w-dniu-16-ix-1936-r-w-aktach-s","status":"publish","type":"post","link":"https:\/\/zamojskahistoria.pl\/?p=133","title":{"rendered":"Wg podpisu: Dowody rzeczowe odebrane ludowcom, wiciowcom i komunistom w toku prowadzonych dochodze\u0144, w sprawie zbrojnego wyst\u0105pienia tych\u017ce przeciwko Policji w \u017bukowie w dniu 16 IX 1936 r., w aktach sprawy nr KW 221\/36 Wydz. \u015aledczy w Zamo\u015bciu,  odb. 175&#215;115 \u2013 sygn. 88.1178.01191.2 dig."},"content":{"rendered":"<p>Wg podpisu: Dowody rzeczowe odebrane ludowcom, wiciowcom i komunistom w toku prowadzonych dochodze\u0144, w sprawie zbrojnego wyst\u0105pienia tych\u017ce przeciwko Policji w \u017bukowie w dniu 16 IX 1936 r., w aktach sprawy nr KW 221\/36 Wydz. \u015aledczy w Zamo\u015bciu,  odb. 175&#215;115 \u2013 sygn. 88.1178.01191.2 dig.; Daty skrajne: 1904-2001<\/p>\n","protected":false},"excerpt":{"rendered":"<p>Wg podpisu: Dowody rzeczowe odebrane ludowcom, wiciowcom i komunistom w toku prowadzonych dochodze\u0144, w sprawie zbrojnego wyst\u0105pienia tych\u017ce przeciwko Policji w \u017bukowie w dniu 16 IX 1936 r., w aktach sprawy nr KW 221\/36 Wydz. \u015aledczy w Zamo\u015bciu, odb. 175&#215;115 \u2013 sygn. 88.1178.01191.2 dig.; Daty skrajne: 1904-2001<\/p>\n","protected":false},"author":1,"featured_media":112,"comment_status":"open","ping_status":"open","sticky":false,"template":"","format":"standard","meta":{"footnotes":""},"categories":[19],"tags":[],"class_list":["post-133","post","type-post","status-publish","format-standard","has-post-thumbnail","hentry","category-historia"],"_links":{"self":[{"href":"https:\/\/zamojskahistoria.pl\/index.php?rest_route=\/wp\/v2\/posts\/133","targetHints":{"allow":["GET"]}}],"collection":[{"href":"https:\/\/zamojskahistoria.pl\/index.php?rest_route=\/wp\/v2\/posts"}],"about":[{"href":"https:\/\/zamojskahistoria.pl\/index.php?rest_route=\/wp\/v2\/types\/post"}],"author":[{"embeddable":true,"href":"https:\/\/zamojskahistoria.pl\/index.php?rest_route=\/wp\/v2\/users\/1"}],"replies":[{"embeddable":true,"href":"https:\/\/zamojskahistoria.pl\/index.php?rest_route=%2Fwp%2Fv2%2Fcomments&post=133"}],"version-history":[{"count":0,"href":"https:\/\/zamojskahistoria.pl\/index.php?rest_route=\/wp\/v2\/posts\/133\/revisions"}],"wp:featuredmedia":[{"embeddable":true,"href":"https:\/\/zamojskahistoria.pl\/index.php?rest_route=\/wp\/v2\/media\/112"}],"wp:attachment":[{"href":"https:\/\/zamojskahistoria.pl\/index.php?rest_route=%2Fwp%2Fv2%2Fmedia&parent=133"}],"wp:term":[{"taxonomy":"category","embeddable":true,"href":"https:\/\/zamojskahistoria.pl\/index.php?rest_route=%2Fwp%2Fv2%2Fcategories&post=133"},{"taxonomy":"post_tag","embeddable":true,"href":"https:\/\/zamojskahistoria.pl\/index.php?rest_route=%2Fwp%2Fv2%2Ftags&post=133"}],"curies":[{"name":"wp","href":"https:\/\/api.w.org\/{rel}","templated":true}]}}