{"id":128,"date":"2025-01-04T20:48:00","date_gmt":"2025-01-04T19:48:00","guid":{"rendered":"https:\/\/zamojskahistoria.pl\/?p=128"},"modified":"2025-01-04T20:48:00","modified_gmt":"2025-01-04T19:48:00","slug":"pierwszy-z-lewej-stanislaw-sliwinski-pozniej-policjant-w-zamosciu-1919-r-odb-137x83-sygn-88-1178-01151-1-dig","status":"publish","type":"post","link":"https:\/\/zamojskahistoria.pl\/?p=128","title":{"rendered":"Pierwszy z lewej Stanis\u0142aw \u015aliwi\u0144ski (p\u00f3\u017aniej policjant w Zamo\u015bciu), 1919 r., odb. 137&#215;83 \u2013 sygn. 88.1178.01151.1 dig."},"content":{"rendered":"<p>Pierwszy z lewej Stanis\u0142aw \u015aliwi\u0144ski (p\u00f3\u017aniej policjant w Zamo\u015bciu), 1919 r., odb. 137&#215;83 \u2013 sygn. 88.1178.01151.1 dig.; Daty skrajne: 1904-2001<\/p>\n","protected":false},"excerpt":{"rendered":"<p>Pierwszy z lewej Stanis\u0142aw \u015aliwi\u0144ski (p\u00f3\u017aniej policjant w Zamo\u015bciu), 1919 r., odb. 137&#215;83 \u2013 sygn. 88.1178.01151.1 dig.; Daty skrajne: 1904-2001<\/p>\n","protected":false},"author":1,"featured_media":112,"comment_status":"open","ping_status":"open","sticky":false,"template":"","format":"standard","meta":{"footnotes":""},"categories":[19],"tags":[],"class_list":["post-128","post","type-post","status-publish","format-standard","has-post-thumbnail","hentry","category-historia"],"_links":{"self":[{"href":"https:\/\/zamojskahistoria.pl\/index.php?rest_route=\/wp\/v2\/posts\/128","targetHints":{"allow":["GET"]}}],"collection":[{"href":"https:\/\/zamojskahistoria.pl\/index.php?rest_route=\/wp\/v2\/posts"}],"about":[{"href":"https:\/\/zamojskahistoria.pl\/index.php?rest_route=\/wp\/v2\/types\/post"}],"author":[{"embeddable":true,"href":"https:\/\/zamojskahistoria.pl\/index.php?rest_route=\/wp\/v2\/users\/1"}],"replies":[{"embeddable":true,"href":"https:\/\/zamojskahistoria.pl\/index.php?rest_route=%2Fwp%2Fv2%2Fcomments&post=128"}],"version-history":[{"count":0,"href":"https:\/\/zamojskahistoria.pl\/index.php?rest_route=\/wp\/v2\/posts\/128\/revisions"}],"wp:featuredmedia":[{"embeddable":true,"href":"https:\/\/zamojskahistoria.pl\/index.php?rest_route=\/wp\/v2\/media\/112"}],"wp:attachment":[{"href":"https:\/\/zamojskahistoria.pl\/index.php?rest_route=%2Fwp%2Fv2%2Fmedia&parent=128"}],"wp:term":[{"taxonomy":"category","embeddable":true,"href":"https:\/\/zamojskahistoria.pl\/index.php?rest_route=%2Fwp%2Fv2%2Fcategories&post=128"},{"taxonomy":"post_tag","embeddable":true,"href":"https:\/\/zamojskahistoria.pl\/index.php?rest_route=%2Fwp%2Fv2%2Ftags&post=128"}],"curies":[{"name":"wp","href":"https:\/\/api.w.org\/{rel}","templated":true}]}}