{"id":10384,"date":"2025-01-04T00:00:00","date_gmt":"2025-01-03T23:00:00","guid":{"rendered":"https:\/\/zamojskahistoria.pl\/?p=10384"},"modified":"2025-01-04T00:00:00","modified_gmt":"2025-01-03T23:00:00","slug":"mieszkancy-wsi-zbiorowe-mieszkancy-radecznicy-rodzina-i-sasiedzi-heleny-zych-borkowskiej-ktora-przebywala-na-robotach-przymusowych-i-poprosila-z-tesknoty-o-zdjecie-wykonane-na-tle-sciany-c","status":"publish","type":"post","link":"https:\/\/zamojskahistoria.pl\/?p=10384","title":{"rendered":"Mieszka\u0144cy wsi zbiorowe Mieszka\u0144cy Radecznicy \u2013 rodzina i s\u0105siedzi Heleny Zych-Borkowskiej, kt\u00f3ra przebywa\u0142a na robotach przymusowych i poprosi\u0142a z t\u0119sknoty o zdj\u0119cie, wykonane na tle \u015bciany cha\u0142upy Franciszki S\u0119d\u0142ak \u2013 najstarsza na zdj\u0119ciu, 1943 r. , odb. 110&#215;80 \u2013 sygn. 88.1178.14645.3 dig."},"content":{"rendered":"<p>Mieszka\u0144cy wsi zbiorowe Mieszka\u0144cy Radecznicy \u2013 rodzina i s\u0105siedzi Heleny Zych-Borkowskiej, kt\u00f3ra przebywa\u0142a na robotach przymusowych i poprosi\u0142a z t\u0119sknoty o zdj\u0119cie, wykonane na tle \u015bciany cha\u0142upy Franciszki S\u0119d\u0142ak \u2013 najstarsza na zdj\u0119ciu, 1943 r. , odb. 110&#215;80 \u2013 sygn. 88.1178.14645.3 dig.<\/p>\n","protected":false},"excerpt":{"rendered":"<p>Mieszka\u0144cy wsi zbiorowe Mieszka\u0144cy Radecznicy \u2013 rodzina i s\u0105siedzi Heleny Zych-Borkowskiej, kt\u00f3ra przebywa\u0142a na robotach przymusowych i poprosi\u0142a z t\u0119sknoty o zdj\u0119cie, wykonane na tle \u015bciany cha\u0142upy Franciszki S\u0119d\u0142ak \u2013 najstarsza na zdj\u0119ciu, 1943 r. , odb. 110&#215;80 \u2013 sygn. 88.1178.14645.3 dig.<\/p>\n","protected":false},"author":1,"featured_media":112,"comment_status":"open","ping_status":"open","sticky":false,"template":"","format":"standard","meta":{"footnotes":""},"categories":[59],"tags":[],"class_list":["post-10384","post","type-post","status-publish","format-standard","has-post-thumbnail","hentry","category-obyczaje-codziennosc"],"_links":{"self":[{"href":"https:\/\/zamojskahistoria.pl\/index.php?rest_route=\/wp\/v2\/posts\/10384","targetHints":{"allow":["GET"]}}],"collection":[{"href":"https:\/\/zamojskahistoria.pl\/index.php?rest_route=\/wp\/v2\/posts"}],"about":[{"href":"https:\/\/zamojskahistoria.pl\/index.php?rest_route=\/wp\/v2\/types\/post"}],"author":[{"embeddable":true,"href":"https:\/\/zamojskahistoria.pl\/index.php?rest_route=\/wp\/v2\/users\/1"}],"replies":[{"embeddable":true,"href":"https:\/\/zamojskahistoria.pl\/index.php?rest_route=%2Fwp%2Fv2%2Fcomments&post=10384"}],"version-history":[{"count":0,"href":"https:\/\/zamojskahistoria.pl\/index.php?rest_route=\/wp\/v2\/posts\/10384\/revisions"}],"wp:featuredmedia":[{"embeddable":true,"href":"https:\/\/zamojskahistoria.pl\/index.php?rest_route=\/wp\/v2\/media\/112"}],"wp:attachment":[{"href":"https:\/\/zamojskahistoria.pl\/index.php?rest_route=%2Fwp%2Fv2%2Fmedia&parent=10384"}],"wp:term":[{"taxonomy":"category","embeddable":true,"href":"https:\/\/zamojskahistoria.pl\/index.php?rest_route=%2Fwp%2Fv2%2Fcategories&post=10384"},{"taxonomy":"post_tag","embeddable":true,"href":"https:\/\/zamojskahistoria.pl\/index.php?rest_route=%2Fwp%2Fv2%2Ftags&post=10384"}],"curies":[{"name":"wp","href":"https:\/\/api.w.org\/{rel}","templated":true}]}}