{"id":10382,"date":"2025-01-04T00:00:00","date_gmt":"2025-01-03T23:00:00","guid":{"rendered":"https:\/\/zamojskahistoria.pl\/?p=10382"},"modified":"2025-01-04T00:00:00","modified_gmt":"2025-01-03T23:00:00","slug":"mieszkancy-wsi-zbiorowe-mieszkancy-chlopkowa-nieokreslona-uroczystosc-ponad-50-doroslych-osob-w-tym-1-gumieniak-soltys-wsi-z-odznaka-2-michal-krukowski-kapelmistrz-orkiestry-z-zaburza-wokol-mu","status":"publish","type":"post","link":"https:\/\/zamojskahistoria.pl\/?p=10382","title":{"rendered":"Mieszka\u0144cy wsi zbiorowe Mieszka\u0144cy Ch\u0142opkowa, nieokre\u015blona uroczysto\u015b\u0107, ponad 50 doros\u0142ych os\u00f3b, w tym 1. Gumieniak so\u0142tys wsi z odznak\u0105, 2. Micha\u0142 Krukowski kapelmistrz orkiestry, z Zaburza (wok\u00f3\u0142 muzykanci), 3. Pawe\u0142 Smarkala wicekapelmistrz, 4. ks. o. Metody Sikora rektor kolegium o.o. bernardyn\u00f3w, 5. ks. o.mgr Gabriel Czubka nauczyciel j\u0119zyka niemieckiego, lata 20-te, odb. 150&#215;100 \u2013 sygn. 88.1178.14645.1 dig."},"content":{"rendered":"<p>Mieszka\u0144cy wsi zbiorowe Mieszka\u0144cy Ch\u0142opkowa, nieokre\u015blona uroczysto\u015b\u0107, ponad 50 doros\u0142ych os\u00f3b, w tym 1. Gumieniak so\u0142tys wsi z odznak\u0105, 2. Micha\u0142 Krukowski kapelmistrz orkiestry, z Zaburza (wok\u00f3\u0142 muzykanci), 3. Pawe\u0142 Smarkala wicekapelmistrz, 4. ks. o. Metody Sikora rektor kolegium o.o. bernardyn\u00f3w, 5. ks. o.mgr Gabriel Czubka nauczyciel j\u0119zyka niemieckiego, lata 20-te, odb. 150&#215;100 \u2013 sygn. 88.1178.14645.1 dig.<\/p>\n","protected":false},"excerpt":{"rendered":"<p>Mieszka\u0144cy wsi zbiorowe Mieszka\u0144cy Ch\u0142opkowa, nieokre\u015blona uroczysto\u015b\u0107, ponad 50 doros\u0142ych os\u00f3b, w tym 1. Gumieniak so\u0142tys wsi z odznak\u0105, 2. Micha\u0142 Krukowski kapelmistrz orkiestry, z Zaburza (wok\u00f3\u0142 muzykanci), 3. Pawe\u0142 Smarkala wicekapelmistrz, 4. ks. o. Metody Sikora rektor kolegium o.o. bernardyn\u00f3w, 5. ks. o.mgr Gabriel Czubka nauczyciel j\u0119zyka niemieckiego, lata 20-te, odb. 150&#215;100 \u2013 sygn. [&hellip;]<\/p>\n","protected":false},"author":1,"featured_media":112,"comment_status":"open","ping_status":"open","sticky":false,"template":"","format":"standard","meta":{"footnotes":""},"categories":[59],"tags":[],"class_list":["post-10382","post","type-post","status-publish","format-standard","has-post-thumbnail","hentry","category-obyczaje-codziennosc"],"_links":{"self":[{"href":"https:\/\/zamojskahistoria.pl\/index.php?rest_route=\/wp\/v2\/posts\/10382","targetHints":{"allow":["GET"]}}],"collection":[{"href":"https:\/\/zamojskahistoria.pl\/index.php?rest_route=\/wp\/v2\/posts"}],"about":[{"href":"https:\/\/zamojskahistoria.pl\/index.php?rest_route=\/wp\/v2\/types\/post"}],"author":[{"embeddable":true,"href":"https:\/\/zamojskahistoria.pl\/index.php?rest_route=\/wp\/v2\/users\/1"}],"replies":[{"embeddable":true,"href":"https:\/\/zamojskahistoria.pl\/index.php?rest_route=%2Fwp%2Fv2%2Fcomments&post=10382"}],"version-history":[{"count":0,"href":"https:\/\/zamojskahistoria.pl\/index.php?rest_route=\/wp\/v2\/posts\/10382\/revisions"}],"wp:featuredmedia":[{"embeddable":true,"href":"https:\/\/zamojskahistoria.pl\/index.php?rest_route=\/wp\/v2\/media\/112"}],"wp:attachment":[{"href":"https:\/\/zamojskahistoria.pl\/index.php?rest_route=%2Fwp%2Fv2%2Fmedia&parent=10382"}],"wp:term":[{"taxonomy":"category","embeddable":true,"href":"https:\/\/zamojskahistoria.pl\/index.php?rest_route=%2Fwp%2Fv2%2Fcategories&post=10382"},{"taxonomy":"post_tag","embeddable":true,"href":"https:\/\/zamojskahistoria.pl\/index.php?rest_route=%2Fwp%2Fv2%2Ftags&post=10382"}],"curies":[{"name":"wp","href":"https:\/\/api.w.org\/{rel}","templated":true}]}}