{"id":10195,"date":"2025-01-04T00:00:00","date_gmt":"2025-01-03T23:00:00","guid":{"rendered":"https:\/\/zamojskahistoria.pl\/?p=10195"},"modified":"2025-01-04T00:00:00","modified_gmt":"2025-01-03T23:00:00","slug":"slub-stefana-dziuby-jatutow-1-vi-1938-goscie-w-plenerze-i-wg-piecz-foto-film-gieros-w-zamosciu-odb-80x50-sygn-88-1178-14517-4-dig","status":"publish","type":"post","link":"https:\/\/zamojskahistoria.pl\/?p=10195","title":{"rendered":"\u015alub Stefana Dziuby, Jatut\u00f3w, 1 VI 1938 Go\u015bcie w plenerze I, wg piecz. \u201eFoto-Film Giero\u015b w Zamo\u015bciu\u201d, odb. 80&#215;50 \u2013 sygn. 88.1178.14517.4 dig."},"content":{"rendered":"<p>\u015alub Stefana Dziuby, Jatut\u00f3w, 1 VI 1938 Go\u015bcie w plenerze I, wg piecz. \u201eFoto-Film Giero\u015b w Zamo\u015bciu\u201d, odb. 80&#215;50 \u2013 sygn. 88.1178.14517.4 dig.<\/p>\n","protected":false},"excerpt":{"rendered":"<p>\u015alub Stefana Dziuby, Jatut\u00f3w, 1 VI 1938 Go\u015bcie w plenerze I, wg piecz. \u201eFoto-Film Giero\u015b w Zamo\u015bciu\u201d, odb. 80&#215;50 \u2013 sygn. 88.1178.14517.4 dig.<\/p>\n","protected":false},"author":1,"featured_media":112,"comment_status":"open","ping_status":"open","sticky":false,"template":"","format":"standard","meta":{"footnotes":""},"categories":[59],"tags":[],"class_list":["post-10195","post","type-post","status-publish","format-standard","has-post-thumbnail","hentry","category-obyczaje-codziennosc"],"_links":{"self":[{"href":"https:\/\/zamojskahistoria.pl\/index.php?rest_route=\/wp\/v2\/posts\/10195","targetHints":{"allow":["GET"]}}],"collection":[{"href":"https:\/\/zamojskahistoria.pl\/index.php?rest_route=\/wp\/v2\/posts"}],"about":[{"href":"https:\/\/zamojskahistoria.pl\/index.php?rest_route=\/wp\/v2\/types\/post"}],"author":[{"embeddable":true,"href":"https:\/\/zamojskahistoria.pl\/index.php?rest_route=\/wp\/v2\/users\/1"}],"replies":[{"embeddable":true,"href":"https:\/\/zamojskahistoria.pl\/index.php?rest_route=%2Fwp%2Fv2%2Fcomments&post=10195"}],"version-history":[{"count":0,"href":"https:\/\/zamojskahistoria.pl\/index.php?rest_route=\/wp\/v2\/posts\/10195\/revisions"}],"wp:featuredmedia":[{"embeddable":true,"href":"https:\/\/zamojskahistoria.pl\/index.php?rest_route=\/wp\/v2\/media\/112"}],"wp:attachment":[{"href":"https:\/\/zamojskahistoria.pl\/index.php?rest_route=%2Fwp%2Fv2%2Fmedia&parent=10195"}],"wp:term":[{"taxonomy":"category","embeddable":true,"href":"https:\/\/zamojskahistoria.pl\/index.php?rest_route=%2Fwp%2Fv2%2Fcategories&post=10195"},{"taxonomy":"post_tag","embeddable":true,"href":"https:\/\/zamojskahistoria.pl\/index.php?rest_route=%2Fwp%2Fv2%2Ftags&post=10195"}],"curies":[{"name":"wp","href":"https:\/\/api.w.org\/{rel}","templated":true}]}}