{"id":10192,"date":"2025-01-04T00:00:00","date_gmt":"2025-01-03T23:00:00","guid":{"rendered":"https:\/\/zamojskahistoria.pl\/?p=10192"},"modified":"2025-01-04T00:00:00","modified_gmt":"2025-01-03T23:00:00","slug":"slub-stefana-dziuby-jatutow-1-vi-1938-mlodzi-wysiadaja-z-samochodu-ford-j-sykaly-wg-piecz-foto-film-gieros-w-zamosciu-odb-50x80-sygn-88-1178-14517-1-dig","status":"publish","type":"post","link":"https:\/\/zamojskahistoria.pl\/?p=10192","title":{"rendered":"\u015alub Stefana Dziuby, Jatut\u00f3w, 1 VI 1938 M\u0142odzi wysiadaj\u0105 z samochodu Ford J.Syka\u0142y, wg piecz. \u201eFoto-Film Giero\u015b w Zamo\u015bciu\u201d, odb. 50&#215;80 \u2013 sygn. 88.1178.14517.1 dig."},"content":{"rendered":"<p>\u015alub Stefana Dziuby, Jatut\u00f3w, 1 VI 1938 M\u0142odzi wysiadaj\u0105 z samochodu Ford J.Syka\u0142y, wg piecz. \u201eFoto-Film Giero\u015b w Zamo\u015bciu\u201d, odb. 50&#215;80 \u2013 sygn. 88.1178.14517.1 dig.<\/p>\n","protected":false},"excerpt":{"rendered":"<p>\u015alub Stefana Dziuby, Jatut\u00f3w, 1 VI 1938 M\u0142odzi wysiadaj\u0105 z samochodu Ford J.Syka\u0142y, wg piecz. \u201eFoto-Film Giero\u015b w Zamo\u015bciu\u201d, odb. 50&#215;80 \u2013 sygn. 88.1178.14517.1 dig.<\/p>\n","protected":false},"author":1,"featured_media":112,"comment_status":"open","ping_status":"open","sticky":false,"template":"","format":"standard","meta":{"footnotes":""},"categories":[59],"tags":[],"class_list":["post-10192","post","type-post","status-publish","format-standard","has-post-thumbnail","hentry","category-obyczaje-codziennosc"],"_links":{"self":[{"href":"https:\/\/zamojskahistoria.pl\/index.php?rest_route=\/wp\/v2\/posts\/10192","targetHints":{"allow":["GET"]}}],"collection":[{"href":"https:\/\/zamojskahistoria.pl\/index.php?rest_route=\/wp\/v2\/posts"}],"about":[{"href":"https:\/\/zamojskahistoria.pl\/index.php?rest_route=\/wp\/v2\/types\/post"}],"author":[{"embeddable":true,"href":"https:\/\/zamojskahistoria.pl\/index.php?rest_route=\/wp\/v2\/users\/1"}],"replies":[{"embeddable":true,"href":"https:\/\/zamojskahistoria.pl\/index.php?rest_route=%2Fwp%2Fv2%2Fcomments&post=10192"}],"version-history":[{"count":0,"href":"https:\/\/zamojskahistoria.pl\/index.php?rest_route=\/wp\/v2\/posts\/10192\/revisions"}],"wp:featuredmedia":[{"embeddable":true,"href":"https:\/\/zamojskahistoria.pl\/index.php?rest_route=\/wp\/v2\/media\/112"}],"wp:attachment":[{"href":"https:\/\/zamojskahistoria.pl\/index.php?rest_route=%2Fwp%2Fv2%2Fmedia&parent=10192"}],"wp:term":[{"taxonomy":"category","embeddable":true,"href":"https:\/\/zamojskahistoria.pl\/index.php?rest_route=%2Fwp%2Fv2%2Fcategories&post=10192"},{"taxonomy":"post_tag","embeddable":true,"href":"https:\/\/zamojskahistoria.pl\/index.php?rest_route=%2Fwp%2Fv2%2Ftags&post=10192"}],"curies":[{"name":"wp","href":"https:\/\/api.w.org\/{rel}","templated":true}]}}