{"id":10183,"date":"2025-01-04T00:00:00","date_gmt":"2025-01-03T23:00:00","guid":{"rendered":"https:\/\/zamojskahistoria.pl\/?p=10183"},"modified":"2025-01-04T00:00:00","modified_gmt":"2025-01-03T23:00:00","slug":"powodz-na-zamczysku-zamosc-marzec-1964-zdjecia-przedstawiaja-zalane-tereny-na-wiekszosci-sekretarz-pmrn-edward-suchora-ponadto-zalana-stacja-wodociagow-zerwana-autor-nn-odb-128x81-s","status":"publish","type":"post","link":"https:\/\/zamojskahistoria.pl\/?p=10183","title":{"rendered":"Pow\u00f3d\u017a na Zamczysku, Zamo\u015b\u0107, marzec 1964, Zdj\u0119cia przedstawiaj\u0105 zalane tereny, na wi\u0119kszo\u015bci sekretarz PMRN Edward Suchora, ponadto zalana stacja wodoci\u0105g\u00f3w, zerwana; autor NN, odb. 128&#215;81 \u2013 sygn. 88.1178.14501.1-18 brak"},"content":{"rendered":"<p>Pow\u00f3d\u017a na Zamczysku, Zamo\u015b\u0107, marzec 1964, Zdj\u0119cia przedstawiaj\u0105 zalane tereny, na wi\u0119kszo\u015bci sekretarz PMRN Edward Suchora, ponadto zalana stacja wodoci\u0105g\u00f3w, zerwana; autor NN, odb. 128&#215;81 \u2013 sygn. 88.1178.14501.1-18 brak<\/p>\n","protected":false},"excerpt":{"rendered":"<p>Pow\u00f3d\u017a na Zamczysku, Zamo\u015b\u0107, marzec 1964, Zdj\u0119cia przedstawiaj\u0105 zalane tereny, na wi\u0119kszo\u015bci sekretarz PMRN Edward Suchora, ponadto zalana stacja wodoci\u0105g\u00f3w, zerwana; autor NN, odb. 128&#215;81 \u2013 sygn. 88.1178.14501.1-18 brak<\/p>\n","protected":false},"author":1,"featured_media":112,"comment_status":"open","ping_status":"open","sticky":false,"template":"","format":"standard","meta":{"footnotes":""},"categories":[59],"tags":[],"class_list":["post-10183","post","type-post","status-publish","format-standard","has-post-thumbnail","hentry","category-obyczaje-codziennosc"],"_links":{"self":[{"href":"https:\/\/zamojskahistoria.pl\/index.php?rest_route=\/wp\/v2\/posts\/10183","targetHints":{"allow":["GET"]}}],"collection":[{"href":"https:\/\/zamojskahistoria.pl\/index.php?rest_route=\/wp\/v2\/posts"}],"about":[{"href":"https:\/\/zamojskahistoria.pl\/index.php?rest_route=\/wp\/v2\/types\/post"}],"author":[{"embeddable":true,"href":"https:\/\/zamojskahistoria.pl\/index.php?rest_route=\/wp\/v2\/users\/1"}],"replies":[{"embeddable":true,"href":"https:\/\/zamojskahistoria.pl\/index.php?rest_route=%2Fwp%2Fv2%2Fcomments&post=10183"}],"version-history":[{"count":0,"href":"https:\/\/zamojskahistoria.pl\/index.php?rest_route=\/wp\/v2\/posts\/10183\/revisions"}],"wp:featuredmedia":[{"embeddable":true,"href":"https:\/\/zamojskahistoria.pl\/index.php?rest_route=\/wp\/v2\/media\/112"}],"wp:attachment":[{"href":"https:\/\/zamojskahistoria.pl\/index.php?rest_route=%2Fwp%2Fv2%2Fmedia&parent=10183"}],"wp:term":[{"taxonomy":"category","embeddable":true,"href":"https:\/\/zamojskahistoria.pl\/index.php?rest_route=%2Fwp%2Fv2%2Fcategories&post=10183"},{"taxonomy":"post_tag","embeddable":true,"href":"https:\/\/zamojskahistoria.pl\/index.php?rest_route=%2Fwp%2Fv2%2Ftags&post=10183"}],"curies":[{"name":"wp","href":"https:\/\/api.w.org\/{rel}","templated":true}]}}