{"id":10181,"date":"2025-01-04T00:00:00","date_gmt":"2025-01-03T23:00:00","guid":{"rendered":"https:\/\/zamojskahistoria.pl\/?p=10181"},"modified":"2025-01-04T00:00:00","modified_gmt":"2025-01-03T23:00:00","slug":"z-beczka-piwa-ujecia-iv-vi-m-in-adam-klaczynski-i-caban-neg-0182-727375-sygn-88-1178-14486-4-8-brak","status":"publish","type":"post","link":"https:\/\/zamojskahistoria.pl\/?p=10181","title":{"rendered":"Z beczk\u0105 piwa Uj\u0119cia IV-VI, m.in. Adam Klaczy\u0144ski i Caban, neg. 0182.72,73,75 \u2013 sygn. 88.1178.14486.4-8 brak"},"content":{"rendered":"<p>Z beczk\u0105 piwa Uj\u0119cia IV-VI, m.in. Adam Klaczy\u0144ski i Caban, neg. 0182.72,73,75 \u2013 sygn. 88.1178.14486.4-8 brak<\/p>\n","protected":false},"excerpt":{"rendered":"<p>Z beczk\u0105 piwa Uj\u0119cia IV-VI, m.in. Adam Klaczy\u0144ski i Caban, neg. 0182.72,73,75 \u2013 sygn. 88.1178.14486.4-8 brak<\/p>\n","protected":false},"author":1,"featured_media":112,"comment_status":"open","ping_status":"open","sticky":false,"template":"","format":"standard","meta":{"footnotes":""},"categories":[59],"tags":[],"class_list":["post-10181","post","type-post","status-publish","format-standard","has-post-thumbnail","hentry","category-obyczaje-codziennosc"],"_links":{"self":[{"href":"https:\/\/zamojskahistoria.pl\/index.php?rest_route=\/wp\/v2\/posts\/10181","targetHints":{"allow":["GET"]}}],"collection":[{"href":"https:\/\/zamojskahistoria.pl\/index.php?rest_route=\/wp\/v2\/posts"}],"about":[{"href":"https:\/\/zamojskahistoria.pl\/index.php?rest_route=\/wp\/v2\/types\/post"}],"author":[{"embeddable":true,"href":"https:\/\/zamojskahistoria.pl\/index.php?rest_route=\/wp\/v2\/users\/1"}],"replies":[{"embeddable":true,"href":"https:\/\/zamojskahistoria.pl\/index.php?rest_route=%2Fwp%2Fv2%2Fcomments&post=10181"}],"version-history":[{"count":0,"href":"https:\/\/zamojskahistoria.pl\/index.php?rest_route=\/wp\/v2\/posts\/10181\/revisions"}],"wp:featuredmedia":[{"embeddable":true,"href":"https:\/\/zamojskahistoria.pl\/index.php?rest_route=\/wp\/v2\/media\/112"}],"wp:attachment":[{"href":"https:\/\/zamojskahistoria.pl\/index.php?rest_route=%2Fwp%2Fv2%2Fmedia&parent=10181"}],"wp:term":[{"taxonomy":"category","embeddable":true,"href":"https:\/\/zamojskahistoria.pl\/index.php?rest_route=%2Fwp%2Fv2%2Fcategories&post=10181"},{"taxonomy":"post_tag","embeddable":true,"href":"https:\/\/zamojskahistoria.pl\/index.php?rest_route=%2Fwp%2Fv2%2Ftags&post=10181"}],"curies":[{"name":"wp","href":"https:\/\/api.w.org\/{rel}","templated":true}]}}