{"id":10180,"date":"2025-01-04T00:00:00","date_gmt":"2025-01-03T23:00:00","guid":{"rendered":"https:\/\/zamojskahistoria.pl\/?p=10180"},"modified":"2025-01-04T00:00:00","modified_gmt":"2025-01-03T23:00:00","slug":"z-beczka-piwa-ujecia-i-iii-m-in-adam-klaczynski-i-caban-neg-0182-767471-sygn-88-1178-14486-1-3-dig","status":"publish","type":"post","link":"https:\/\/zamojskahistoria.pl\/?p=10180","title":{"rendered":"Z beczk\u0105 piwa Uj\u0119cia I-III, m.in. Adam Klaczy\u0144ski i Caban, neg. 0182.76,74,71 \u2013 sygn. 88.1178.14486.1-3 dig."},"content":{"rendered":"<p>Z beczk\u0105 piwa Uj\u0119cia I-III, m.in. Adam Klaczy\u0144ski i Caban, neg. 0182.76,74,71 \u2013 sygn. 88.1178.14486.1-3 dig.<\/p>\n","protected":false},"excerpt":{"rendered":"<p>Z beczk\u0105 piwa Uj\u0119cia I-III, m.in. Adam Klaczy\u0144ski i Caban, neg. 0182.76,74,71 \u2013 sygn. 88.1178.14486.1-3 dig.<\/p>\n","protected":false},"author":1,"featured_media":112,"comment_status":"open","ping_status":"open","sticky":false,"template":"","format":"standard","meta":{"footnotes":""},"categories":[59],"tags":[],"class_list":["post-10180","post","type-post","status-publish","format-standard","has-post-thumbnail","hentry","category-obyczaje-codziennosc"],"_links":{"self":[{"href":"https:\/\/zamojskahistoria.pl\/index.php?rest_route=\/wp\/v2\/posts\/10180","targetHints":{"allow":["GET"]}}],"collection":[{"href":"https:\/\/zamojskahistoria.pl\/index.php?rest_route=\/wp\/v2\/posts"}],"about":[{"href":"https:\/\/zamojskahistoria.pl\/index.php?rest_route=\/wp\/v2\/types\/post"}],"author":[{"embeddable":true,"href":"https:\/\/zamojskahistoria.pl\/index.php?rest_route=\/wp\/v2\/users\/1"}],"replies":[{"embeddable":true,"href":"https:\/\/zamojskahistoria.pl\/index.php?rest_route=%2Fwp%2Fv2%2Fcomments&post=10180"}],"version-history":[{"count":0,"href":"https:\/\/zamojskahistoria.pl\/index.php?rest_route=\/wp\/v2\/posts\/10180\/revisions"}],"wp:featuredmedia":[{"embeddable":true,"href":"https:\/\/zamojskahistoria.pl\/index.php?rest_route=\/wp\/v2\/media\/112"}],"wp:attachment":[{"href":"https:\/\/zamojskahistoria.pl\/index.php?rest_route=%2Fwp%2Fv2%2Fmedia&parent=10180"}],"wp:term":[{"taxonomy":"category","embeddable":true,"href":"https:\/\/zamojskahistoria.pl\/index.php?rest_route=%2Fwp%2Fv2%2Fcategories&post=10180"},{"taxonomy":"post_tag","embeddable":true,"href":"https:\/\/zamojskahistoria.pl\/index.php?rest_route=%2Fwp%2Fv2%2Ftags&post=10180"}],"curies":[{"name":"wp","href":"https:\/\/api.w.org\/{rel}","templated":true}]}}