{"id":10158,"date":"2025-01-04T00:00:00","date_gmt":"2025-01-03T23:00:00","guid":{"rendered":"https:\/\/zamojskahistoria.pl\/?p=10158"},"modified":"2025-01-04T00:00:00","modified_gmt":"2025-01-03T23:00:00","slug":"zebracy-i-wloczedzy-wejscie-do-kolegiaty-l-60-te-autor-jozef-duda-neg-0213-52-sygn-88-1178-14455-6-dig","status":"publish","type":"post","link":"https:\/\/zamojskahistoria.pl\/?p=10158","title":{"rendered":"\u017bebracy i w\u0142\u00f3cz\u0119dzy Wej\u015bcie do Kolegiaty, l. 60-te, autor J\u00f3zef Duda, neg. 0213.52 \u2013 sygn. 88.1178.14455.6 dig."},"content":{"rendered":"<p>\u017bebracy i w\u0142\u00f3cz\u0119dzy Wej\u015bcie do Kolegiaty, l. 60-te, autor J\u00f3zef Duda, neg. 0213.52 \u2013 sygn. 88.1178.14455.6 dig.<\/p>\n","protected":false},"excerpt":{"rendered":"<p>\u017bebracy i w\u0142\u00f3cz\u0119dzy Wej\u015bcie do Kolegiaty, l. 60-te, autor J\u00f3zef Duda, neg. 0213.52 \u2013 sygn. 88.1178.14455.6 dig.<\/p>\n","protected":false},"author":1,"featured_media":112,"comment_status":"open","ping_status":"open","sticky":false,"template":"","format":"standard","meta":{"footnotes":""},"categories":[59],"tags":[],"class_list":["post-10158","post","type-post","status-publish","format-standard","has-post-thumbnail","hentry","category-obyczaje-codziennosc"],"_links":{"self":[{"href":"https:\/\/zamojskahistoria.pl\/index.php?rest_route=\/wp\/v2\/posts\/10158","targetHints":{"allow":["GET"]}}],"collection":[{"href":"https:\/\/zamojskahistoria.pl\/index.php?rest_route=\/wp\/v2\/posts"}],"about":[{"href":"https:\/\/zamojskahistoria.pl\/index.php?rest_route=\/wp\/v2\/types\/post"}],"author":[{"embeddable":true,"href":"https:\/\/zamojskahistoria.pl\/index.php?rest_route=\/wp\/v2\/users\/1"}],"replies":[{"embeddable":true,"href":"https:\/\/zamojskahistoria.pl\/index.php?rest_route=%2Fwp%2Fv2%2Fcomments&post=10158"}],"version-history":[{"count":0,"href":"https:\/\/zamojskahistoria.pl\/index.php?rest_route=\/wp\/v2\/posts\/10158\/revisions"}],"wp:featuredmedia":[{"embeddable":true,"href":"https:\/\/zamojskahistoria.pl\/index.php?rest_route=\/wp\/v2\/media\/112"}],"wp:attachment":[{"href":"https:\/\/zamojskahistoria.pl\/index.php?rest_route=%2Fwp%2Fv2%2Fmedia&parent=10158"}],"wp:term":[{"taxonomy":"category","embeddable":true,"href":"https:\/\/zamojskahistoria.pl\/index.php?rest_route=%2Fwp%2Fv2%2Fcategories&post=10158"},{"taxonomy":"post_tag","embeddable":true,"href":"https:\/\/zamojskahistoria.pl\/index.php?rest_route=%2Fwp%2Fv2%2Ftags&post=10158"}],"curies":[{"name":"wp","href":"https:\/\/api.w.org\/{rel}","templated":true}]}}