{"id":10157,"date":"2025-01-04T00:00:00","date_gmt":"2025-01-03T23:00:00","guid":{"rendered":"https:\/\/zamojskahistoria.pl\/?p=10157"},"modified":"2025-01-04T00:00:00","modified_gmt":"2025-01-03T23:00:00","slug":"zebracy-i-wloczedzy-nn-na-ul-zeromskiego-iii-l-70-te-autor-miroslaw-chmiel-neg-0133-4-sygn-88-1178-14455-5-dig","status":"publish","type":"post","link":"https:\/\/zamojskahistoria.pl\/?p=10157","title":{"rendered":"\u017bebracy i w\u0142\u00f3cz\u0119dzy NN na ul. \u017beromskiego III, l. 70-te, autor Miros\u0142aw Chmiel, neg. 0133.4 \u2013 sygn. 88.1178.14455.5 dig."},"content":{"rendered":"<p>\u017bebracy i w\u0142\u00f3cz\u0119dzy NN na ul. \u017beromskiego III, l. 70-te, autor Miros\u0142aw Chmiel, neg. 0133.4 \u2013 sygn. 88.1178.14455.5 dig.<\/p>\n","protected":false},"excerpt":{"rendered":"<p>\u017bebracy i w\u0142\u00f3cz\u0119dzy NN na ul. \u017beromskiego III, l. 70-te, autor Miros\u0142aw Chmiel, neg. 0133.4 \u2013 sygn. 88.1178.14455.5 dig.<\/p>\n","protected":false},"author":1,"featured_media":112,"comment_status":"open","ping_status":"open","sticky":false,"template":"","format":"standard","meta":{"footnotes":""},"categories":[59],"tags":[],"class_list":["post-10157","post","type-post","status-publish","format-standard","has-post-thumbnail","hentry","category-obyczaje-codziennosc"],"_links":{"self":[{"href":"https:\/\/zamojskahistoria.pl\/index.php?rest_route=\/wp\/v2\/posts\/10157","targetHints":{"allow":["GET"]}}],"collection":[{"href":"https:\/\/zamojskahistoria.pl\/index.php?rest_route=\/wp\/v2\/posts"}],"about":[{"href":"https:\/\/zamojskahistoria.pl\/index.php?rest_route=\/wp\/v2\/types\/post"}],"author":[{"embeddable":true,"href":"https:\/\/zamojskahistoria.pl\/index.php?rest_route=\/wp\/v2\/users\/1"}],"replies":[{"embeddable":true,"href":"https:\/\/zamojskahistoria.pl\/index.php?rest_route=%2Fwp%2Fv2%2Fcomments&post=10157"}],"version-history":[{"count":0,"href":"https:\/\/zamojskahistoria.pl\/index.php?rest_route=\/wp\/v2\/posts\/10157\/revisions"}],"wp:featuredmedia":[{"embeddable":true,"href":"https:\/\/zamojskahistoria.pl\/index.php?rest_route=\/wp\/v2\/media\/112"}],"wp:attachment":[{"href":"https:\/\/zamojskahistoria.pl\/index.php?rest_route=%2Fwp%2Fv2%2Fmedia&parent=10157"}],"wp:term":[{"taxonomy":"category","embeddable":true,"href":"https:\/\/zamojskahistoria.pl\/index.php?rest_route=%2Fwp%2Fv2%2Fcategories&post=10157"},{"taxonomy":"post_tag","embeddable":true,"href":"https:\/\/zamojskahistoria.pl\/index.php?rest_route=%2Fwp%2Fv2%2Ftags&post=10157"}],"curies":[{"name":"wp","href":"https:\/\/api.w.org\/{rel}","templated":true}]}}